{"id":9762,"date":"2024-07-31T15:26:15","date_gmt":"2024-07-31T13:26:15","guid":{"rendered":"https:\/\/juvigo.fr\/magazine\/?p=9762"},"modified":"2024-12-06T13:10:29","modified_gmt":"2024-12-06T12:10:29","slug":"interview-stagiaire-en-tourisme-management-rh","status":"publish","type":"post","link":"https:\/\/juvigo.fr\/magazine\/plus-dinformations\/interview-stagiaire-en-tourisme-management-rh\/","title":{"rendered":"Interview &#8211; Stagiaire en Tourisme Management &#038; RH"},"content":{"rendered":"\n<div class=\"wp-block-columns is-layout-flex wp-container-core-columns-is-layout-1 wp-block-columns-is-layout-flex\">\n<div class=\"wp-block-column is-layout-flow wp-block-column-is-layout-flow\"><div class=\"wp-block-image is-style-rounded\">\n<figure class=\"aligncenter size-full is-resized\"><img decoding=\"async\" width=\"127\" height=\"127\" data-src=\"https:\/\/juvigo.fr\/magazine\/wp-content\/uploads\/2024\/07\/Candice-Chagnoleau-1.jpg\" alt=\"Candice, Stagiaire en tourisme management rh\" class=\"wp-image-9765 lazyload\" style=\"--smush-placeholder-width: 127px; --smush-placeholder-aspect-ratio: 127\/127;aspect-ratio:1;width:157px;height:auto\" src=\"data:image\/gif;base64,R0lGODlhAQABAAAAACH5BAEKAAEALAAAAAABAAEAAAICTAEAOw==\" \/><\/figure><\/div><\/div>\n\n\n\n<div class=\"wp-block-column is-layout-flow wp-block-column-is-layout-flow\">\n<p>Je m\u2019appelle Candice. J&#8217;ai fait un stage de 6 mois chez&nbsp; Juvigo dans le cadre de mon expatriation Erasmus en Allemagne. \u00c9tudiant le commerce international, int\u00e9grer une entreprise aussi multiculturelle que Juvigo pour mon premier stage en entreprise \u00e9tait une \u00e9vidence.<\/p>\n<\/div>\n<\/div>\n\n\n\n<h2 class=\"wp-block-heading\"><strong>Pourquoi avoir choisi de faire un stage en Allemagne ?<\/strong><\/h2>\n\n\n\n<p>A ma rentr\u00e9e au coll\u00e8ge, j\u2019ai int\u00e9gr\u00e9 une classe internationale germanophone. Apr\u00e8s l\u2019obtention de mon baccalaur\u00e9at et d\u2019un dipl\u00f4me de niveau C1 en allemand, j\u2019ai souhait\u00e9 continuer dans cette voie. J\u2019ai donc rejoint le programme BBA d\u2019Excelia offrant une expatriation de 2 ans en Allemagne avec \u00e0 la cl\u00e9 un double dipl\u00f4me franco-allemand. J&#8217;ai d&#8217;abord suivi un semestre \u00e0 l\u2019universit\u00e9 dans le pays. Puis j\u2019ai souhait\u00e9 continuer l\u2019immersion en r\u00e9alisant \u00e9galement mon stage en Allemagne. Cela dans le but d\u2019acqu\u00e9rir un vocabulaire professionnel mais aussi de d\u00e9couvrir la culture du travail allemande.<\/p>\n\n\n\n<h2 class=\"wp-block-heading\"><strong>Les colonies de vacances, et les s\u00e9jours linguistiques ont-ils une signification particuli\u00e8re pour toi ?<\/strong><\/h2>\n\n\n\n<p>A la fin de mon ann\u00e9e de 6\u00e8me je suis partie en colonie de vacances pour une semaine. Si au d\u00e9but j\u2019\u00e9tais r\u00e9ticente \u00e0 l\u2019id\u00e9e de partir seule, sans conna\u00eetre personne, je me suis rapidement fait une amie. C&#8217;est arriv\u00e9 d\u00e8s le trajet en car. Finalement, j\u2019en garde de tr\u00e8s bon souvenirs et je serais bien rest\u00e9e plus longtemps.<\/p>\n\n\n\n<p>Dans le cadre de ma scolarit\u00e9 en section germanophone j\u2019ai \u00e9galement fait des voyages scolaires. Je suis aussi partie en \u00e9changes avec des correspondants pendant plusieurs ann\u00e9es. Le fait d\u2019\u00eatre en immersion dans une famille d\u2019accueil m\u2019a beaucoup plu. Je suis convaincue que c\u2019est le meilleur moyen d\u2019apprendre une langue et de gagner en maturit\u00e9 pendant l\u2019adolescence.&nbsp;<\/p>\n\n\n\n<h2 class=\"wp-block-heading\"><strong>Que fais-tu comme \u00e9tudes ?&nbsp;<\/strong><\/h2>\n\n\n\n<div class=\"wp-block-columns is-layout-flex wp-container-core-columns-is-layout-2 wp-block-columns-is-layout-flex\">\n<div class=\"wp-block-column is-layout-flow wp-block-column-is-layout-flow\">\n<figure class=\"wp-block-image size-large\"><img decoding=\"async\" width=\"1024\" height=\"402\" data-src=\"https:\/\/juvigo.fr\/magazine\/wp-content\/uploads\/2024\/07\/LOGO-BS_0-1024x402.jpg\" alt=\"\" class=\"wp-image-9778 lazyload\" data-srcset=\"https:\/\/juvigo.fr\/magazine\/wp-content\/uploads\/2024\/07\/LOGO-BS_0-1024x402.jpg 1024w, https:\/\/juvigo.fr\/magazine\/wp-content\/uploads\/2024\/07\/LOGO-BS_0-300x118.jpg 300w, https:\/\/juvigo.fr\/magazine\/wp-content\/uploads\/2024\/07\/LOGO-BS_0-768x302.jpg 768w, https:\/\/juvigo.fr\/magazine\/wp-content\/uploads\/2024\/07\/LOGO-BS_0-600x236.jpg 600w, https:\/\/juvigo.fr\/magazine\/wp-content\/uploads\/2024\/07\/LOGO-BS_0-800x314.jpg 800w, https:\/\/juvigo.fr\/magazine\/wp-content\/uploads\/2024\/07\/LOGO-BS_0.jpg 1324w\" data-sizes=\"(max-width: 1024px) 100vw, 1024px\" src=\"data:image\/gif;base64,R0lGODlhAQABAAAAACH5BAEKAAEALAAAAAABAAEAAAICTAEAOw==\" style=\"--smush-placeholder-width: 1024px; --smush-placeholder-aspect-ratio: 1024\/402;\" \/><\/figure>\n<\/div>\n\n\n\n<div class=\"wp-block-column is-layout-flow wp-block-column-is-layout-flow\">\n<p class=\"has-text-align-left\">Apr\u00e8s l\u2019obtention de mon baccalaur\u00e9at (sp\u00e9cialit\u00e9s Math\u00e9matiques et Sciences \u00e9conomiques et sociales) j\u2019ai int\u00e9gr\u00e9 le <a href=\"https:\/\/www.excelia-group.fr\/nos-formations\/excelia-business-school\/bba-international-bac4#parcours-toggle-title\" target=\"_blank\" rel=\"noreferrer noopener\">BBA International d\u2019Excelia Business School.<\/a> <\/p>\n<\/div>\n<\/div>\n\n\n\n<p>Ce programme d\u2019\u00e9tudes de commerce orient\u00e9 \u00e0 100% vers l\u2019international avec un programme de cours de g\u00e9opolitique, de marketing international, des workshops sur la multi-culturalit\u00e9 associ\u00e9 \u00e0 des stages et des p\u00e9riodes d\u2019expatriation \u00e0 l\u2019\u00e9tranger correspondait parfaitement \u00e0 mon profil et \u00e0 mes envies. Je savais d\u00e8s le d\u00e9but que je souhaitais faire le parcours d\u2019expatriation anticip\u00e9e \u00e0 Regensburg (en Bavi\u00e8re) pour accumuler un maximum d\u2019exp\u00e9rience \u00e0 l\u2019\u00e9tranger en ayant la possibilit\u00e9 de partir 2 ans. C\u2019\u00e9tait \u00e9galement un d\u00e9fi personnel, qui m\u2019a pouss\u00e9e \u00e0 sortir de ma zone de confort mais je ne regrette absolument pas ce choix.<\/p>\n\n\n\n<h2 class=\"wp-block-heading\"><strong>Quelles \u00e9taient tes missions principales pendant ton stage ?<\/strong><\/h2>\n\n\n\n<p>Pendant mes 6 mois de stage j\u2019ai eu la chance d\u2019\u00eatre la premi\u00e8re stagiaire \u00e0 participer au programme INVEST propos\u00e9 par Juvigo. Cette initiative permet aux stagiaires de changer d\u2019\u00e9quipe pendant leur stage afin de d\u00e9couvrir 2 postes diff\u00e9rents. <\/p>\n\n\n\n<p>J\u2019ai donc tout d\u2019abord pass\u00e9 4 mois dans l\u2019\u00e9quipe fran\u00e7aise se chargeant des colonies pour les clients francophones. Mes missions \u00e9taient principalement le service client par t\u00e9l\u00e9phone, E-mail et Whatsapp. J&#8217;ai aussi fait de la cr\u00e9ation de contenu (r\u00e9daction de pages pour nos s\u00e9jours, illustrations avec des images). J\u2019ai \u00e9galement beaucoup appris sur la SEO et ai pu cr\u00e9er un peu de contenu pour les r\u00e9seaux sociaux et le magazine en ligne. <\/p>\n\n\n\n<p>J\u2019ai ensuite pass\u00e9 mes 2 derniers mois dans l\u2019\u00e9quipe des ressources humaines. J\u2019\u00e9tais alors charg\u00e9e du suivi des candidats lors du processus de recrutement. Je faisais une premi\u00e8re \u00e9valuation des candidatures re\u00e7ues et r\u00e9pondais aux mails des candidats. Mon autre mission principale a \u00e9t\u00e9 de commencer \u00e0 \u00e9tablir des partenariats solides avec les universit\u00e9s fran\u00e7aises.<\/p>\n\n\n\n<h2 class=\"wp-block-heading\"><strong>\u00c0 quoi ressemblait une journ\u00e9e typique au bureau ?<\/strong><\/h2>\n\n\n\n<p>M\u00eame si les t\u00e2ches \u00e0 faire durant la journ\u00e9e \u00e9taient dans le fond les m\u00eames, chaque journ\u00e9e, appel ou mail \u00e9taient diff\u00e9rents car je devais m\u2019adapter \u00e0 chaque client ou \u00e0 chaque candidat. G\u00e9n\u00e9ralement je commen\u00e7ais mes journ\u00e9es en regardant mes mails, les r\u00e9servations ou candidatures re\u00e7ues et les messages \u00e9ventuels de mes coll\u00e8gues. Ensuite au long de la journ\u00e9e je traitais mes t\u00e2ches \u00e0 faire selon leur ordre de priorit\u00e9.<\/p>\n\n\n\n<h2 class=\"wp-block-heading\"><strong>Quels sont les aspects de ton travail que tu as pr\u00e9f\u00e9r\u00e9s et ceux que tu as moins aim\u00e9s ?<\/strong><\/h2>\n\n\n\n<p>Ce que j\u2019ai beaucoup aim\u00e9 c\u2019est le c\u00f4t\u00e9 humain et relationnel qui \u00e9tait au c\u0153ur de mon stage que ce soit avec le service client ou en \u00e9tant dans l\u2019\u00e9quipe RH. Ce qui m\u2019a aussi plu, c&#8217;est d\u2019avoir des missions vari\u00e9es, je pouvais alors changer r\u00e9guli\u00e8rement de t\u00e2ches dans la journ\u00e9e ce qui permet de ne pas trouver les journ\u00e9es trop longues mais aussi d\u2019apprendre et de d\u00e9velopper de nombreuses comp\u00e9tences diverses.&nbsp;<\/p>\n\n\n\n<p>En ressources humaines j\u2019ai particuli\u00e8rement appr\u00e9ci\u00e9e devoir m\u2019occuper des cadeaux pour les stagiaires quittant l\u2019entreprise ou l&#8217;organisation de petits \u00e9v\u00e9nements pour l\u2019\u00e9quipe.&nbsp;<\/p>\n\n\n\n<p>Les aspects qui m\u2019ont un peu moins plu \u00e9taient forc\u00e9ment les clients difficiles qui ne reconnaissaient pas le travail fait de notre c\u00f4t\u00e9 ou alors agressifs. Mais cela fait partie du m\u00e9tier, il faut simplement savoir garder son calme, \u00eatre patient et les rassurer.<\/p>\n\n\n\n<h2 class=\"wp-block-heading\"><strong>Que retiens-tu de ton stage chez Juvigo ?<\/strong><\/h2>\n\n\n\n<div class=\"wp-block-columns is-layout-flex wp-container-core-columns-is-layout-3 wp-block-columns-is-layout-flex\">\n<div class=\"wp-block-column is-layout-flow wp-block-column-is-layout-flow\">\n<p>C\u2019\u00e9tait une exp\u00e9rience tr\u00e8s enrichissante ! Tant sur le plan humain car j&#8217;ai fait de tr\u00e8s belles rencontres. \u00catre dans une \u00e9quipe aussi jeune et internationale \u00e9tait tr\u00e8s stimulant. Mais aussi d\u2019un point de vue formateur car j\u2019ai beaucoup appris, notamment tout ce qui est reli\u00e9 \u00e0 la SEO, \u00e0 la cr\u00e9ation de contenu et au recrutement. Je suis vraiment reconnaissante pour la possibilit\u00e9 qui m\u2019a \u00e9t\u00e9 donn\u00e9e de travailler \u00e0 deux postes diff\u00e9rents.<\/p>\n<\/div>\n\n\n\n<div class=\"wp-block-column is-layout-flow wp-block-column-is-layout-flow\"><div class=\"wp-block-image\">\n<figure class=\"aligncenter size-large is-resized\"><img decoding=\"async\" width=\"836\" height=\"1024\" data-src=\"https:\/\/juvigo.fr\/magazine\/wp-content\/uploads\/2024\/05\/logo_1000x1000-836x1024.png\" alt=\"Logo de juvigo : l'entreprise qui t'accueille pour ton stage agent de voyage\" class=\"wp-image-9200 lazyload\" style=\"--smush-placeholder-width: 836px; --smush-placeholder-aspect-ratio: 836\/1024;aspect-ratio:0.81640625;width:194px;height:auto\" data-srcset=\"https:\/\/juvigo.fr\/magazine\/wp-content\/uploads\/2024\/05\/logo_1000x1000-836x1024.png 836w, https:\/\/juvigo.fr\/magazine\/wp-content\/uploads\/2024\/05\/logo_1000x1000-245x300.png 245w, https:\/\/juvigo.fr\/magazine\/wp-content\/uploads\/2024\/05\/logo_1000x1000-768x941.png 768w, https:\/\/juvigo.fr\/magazine\/wp-content\/uploads\/2024\/05\/logo_1000x1000-600x735.png 600w, https:\/\/juvigo.fr\/magazine\/wp-content\/uploads\/2024\/05\/logo_1000x1000-800x980.png 800w, https:\/\/juvigo.fr\/magazine\/wp-content\/uploads\/2024\/05\/logo_1000x1000.png 1000w\" data-sizes=\"(max-width: 836px) 100vw, 836px\" src=\"data:image\/gif;base64,R0lGODlhAQABAAAAACH5BAEKAAEALAAAAAABAAEAAAICTAEAOw==\" \/><\/figure><\/div><\/div>\n<\/div>\n\n\n\n<h2 class=\"wp-block-heading\"><strong>Recommanderais-tu Juvigo \u00e0 d&#8217;autres \u00e9tudiants pour leur stage ?<\/strong><\/h2>\n\n\n\n<p>Totalement ! En tant que premi\u00e8re exp\u00e9rience professionnelle je pensais au d\u00e9but que 6 mois allait para\u00eetre long mais \u00e7a a \u00e9t\u00e9 tout le contraire. J\u2019ai aim\u00e9 avoir une routine, des responsabilit\u00e9s et je venais tous les jours au bureau avec le sourire. Un stagiaire ne peut pas r\u00eaver meilleur accueil et accompagnement. Je pense que Juvigo \u00e0 tr\u00e8s bien compris quel \u00e9tait le r\u00f4le d\u2019une entreprise dans l\u2019accompagnement des \u00e9tudiants et jeunes talents.<\/p>\n\n\n\n<h3 class=\"wp-block-heading\"><strong>Toi aussi tu veux faire ton stage \u00e0 Juvigo ? Consulte nos offres juste ici :&nbsp;<\/strong><\/h3>\n\n\n\n<div class=\"wp-block-advgb-button aligncenter\"><a class=\"wp-block-advgb-button_link advgbbtn-6d5acc01-cc75-45ea-b921-cb3687852543\" href=\"https:\/\/juvigo.careers\/jobs\/\" target=\"_blank\" rel=\"noopener noreferrer\"><span>Offres de stage<\/span><\/a><\/div>\n<style class=\"advgb-styles-renderer\">.advgbbtn-6d5acc01-cc75-45ea-b921-cb3687852543{font-size:18px;color:#fff !important;background-color:#f99420 !important;margin:0px 0px 0px 0px !important;padding:10px 30px 10px 30px;border-width:1px !important;border-style:none;border-radius:50px !important;}.advgbbtn-6d5acc01-cc75-45ea-b921-cb3687852543:hover{box-shadow:1px 1px 12px 0px #ccc;opacity:1;transition:all 0.2s ease;}.advgbbtn-6d5acc01-cc75-45ea-b921-cb3687852543 > i {display: none !important;}<\/style>","protected":false},"excerpt":{"rendered":"<p>Je m\u2019appelle Candice. J&#8217;ai fait un stage de 6 mois chez&nbsp; Juvigo dans le cadre de mon expatriation Erasmus en Allemagne. \u00c9tudiant le commerce international, int\u00e9grer une entreprise aussi multiculturelle que Juvigo pour mon premier stage en entreprise \u00e9tait une \u00e9vidence. Pourquoi avoir choisi de faire un stage en Allemagne ? A ma rentr\u00e9e au [&hellip;]<\/p>\n","protected":false},"author":26,"featured_media":9770,"comment_status":"open","ping_status":"closed","sticky":false,"template":"","format":"standard","meta":{"advgb_blocks_editor_width":"","advgb_blocks_columns_visual_guide":"","footnotes":"","_links_to":"","_links_to_target":""},"categories":[492,4,1],"table_tags":[],"class_list":["post-9762","post","type-post","status-publish","format-standard","has-post-thumbnail","hentry","category-carriere-chez-juvigo","category-interviews","category-plus-dinformations"],"yoast_head":"<!-- This site is optimized with the Yoast SEO plugin v24.8.1 - https:\/\/yoast.com\/wordpress\/plugins\/seo\/ -->\n<title>Interview - Stagiaire en Tourisme Management &amp; RH - Juvigo Magazine<\/title>\n<meta name=\"description\" content=\"D\u00e9couvre le t\u00e9moignage d&#039;une de nos stagiaire en tourisme management et RH au sein de Juvigo, entreprise dynamique et internationale.\" \/>\n<meta name=\"robots\" content=\"index, follow, max-snippet:-1, max-image-preview:large, max-video-preview:-1\" \/>\n<link rel=\"canonical\" href=\"https:\/\/juvigo.fr\/magazine\/plus-dinformations\/interview-stagiaire-en-tourisme-management-rh\/\" \/>\n<meta property=\"og:locale\" content=\"fr_FR\" \/>\n<meta property=\"og:type\" content=\"article\" \/>\n<meta property=\"og:title\" content=\"Interview - Stagiaire en Tourisme Management &amp; RH - Juvigo Magazine\" \/>\n<meta property=\"og:description\" content=\"D\u00e9couvre le t\u00e9moignage d&#039;une de nos stagiaire en tourisme management et RH au sein de Juvigo, entreprise dynamique et internationale.\" \/>\n<meta property=\"og:url\" content=\"https:\/\/juvigo.fr\/magazine\/plus-dinformations\/interview-stagiaire-en-tourisme-management-rh\/\" \/>\n<meta property=\"og:site_name\" content=\"Magazine\" \/>\n<meta property=\"article:publisher\" content=\"https:\/\/de-de.facebook.com\/meinjuvigo\" \/>\n<meta property=\"article:published_time\" content=\"2024-07-31T13:26:15+00:00\" \/>\n<meta property=\"article:modified_time\" content=\"2024-12-06T12:10:29+00:00\" \/>\n<meta property=\"og:image\" content=\"https:\/\/juvigo.fr\/magazine\/wp-content\/uploads\/2024\/07\/annie-spratt-g9KFpAfQ5bc-unsplash.jpg\" \/>\n\t<meta property=\"og:image:width\" content=\"1920\" \/>\n\t<meta property=\"og:image:height\" content=\"1574\" \/>\n\t<meta property=\"og:image:type\" content=\"image\/jpeg\" \/>\n<meta name=\"author\" content=\"Johanna Dambreville\" \/>\n<meta name=\"twitter:card\" content=\"summary_large_image\" \/>\n<meta name=\"twitter:creator\" content=\"@meinjuvigo\" \/>\n<meta name=\"twitter:site\" content=\"@meinjuvigo\" \/>\n<meta name=\"twitter:label1\" content=\"Written by\" \/>\n\t<meta name=\"twitter:data1\" content=\"Johanna Dambreville\" \/>\n\t<meta name=\"twitter:label2\" content=\"Est. reading time\" \/>\n\t<meta name=\"twitter:data2\" content=\"5 minutes\" \/>\n<script type=\"application\/ld+json\" class=\"yoast-schema-graph\">{\"@context\":\"https:\/\/schema.org\",\"@graph\":[{\"@type\":\"Article\",\"@id\":\"https:\/\/juvigo.fr\/magazine\/plus-dinformations\/interview-stagiaire-en-tourisme-management-rh\/#article\",\"isPartOf\":{\"@id\":\"https:\/\/juvigo.fr\/magazine\/plus-dinformations\/interview-stagiaire-en-tourisme-management-rh\/\"},\"author\":{\"name\":\"Johanna Dambreville\",\"@id\":\"https:\/\/juvigo.fr\/magazine\/#\/schema\/person\/1525fbe83a87a6ed0e7cf582b6764066\"},\"headline\":\"Interview &#8211; Stagiaire en Tourisme Management &#038; RH\",\"datePublished\":\"2024-07-31T13:26:15+00:00\",\"dateModified\":\"2024-12-06T12:10:29+00:00\",\"mainEntityOfPage\":{\"@id\":\"https:\/\/juvigo.fr\/magazine\/plus-dinformations\/interview-stagiaire-en-tourisme-management-rh\/\"},\"wordCount\":1130,\"commentCount\":0,\"publisher\":{\"@id\":\"https:\/\/juvigo.fr\/magazine\/#organization\"},\"image\":{\"@id\":\"https:\/\/juvigo.fr\/magazine\/plus-dinformations\/interview-stagiaire-en-tourisme-management-rh\/#primaryimage\"},\"thumbnailUrl\":\"https:\/\/juvigo.fr\/magazine\/wp-content\/uploads\/2024\/07\/annie-spratt-g9KFpAfQ5bc-unsplash.jpg\",\"articleSection\":[\"Carri\u00e8re chez Juvigo\",\"Interviews\",\"Plus d'informations\"],\"inLanguage\":\"fr\",\"potentialAction\":[{\"@type\":\"CommentAction\",\"name\":\"Comment\",\"target\":[\"https:\/\/juvigo.fr\/magazine\/plus-dinformations\/interview-stagiaire-en-tourisme-management-rh\/#respond\"]}]},{\"@type\":\"WebPage\",\"@id\":\"https:\/\/juvigo.fr\/magazine\/plus-dinformations\/interview-stagiaire-en-tourisme-management-rh\/\",\"url\":\"https:\/\/juvigo.fr\/magazine\/plus-dinformations\/interview-stagiaire-en-tourisme-management-rh\/\",\"name\":\"Interview - Stagiaire en Tourisme Management & RH - Juvigo Magazine\",\"isPartOf\":{\"@id\":\"https:\/\/juvigo.fr\/magazine\/#website\"},\"primaryImageOfPage\":{\"@id\":\"https:\/\/juvigo.fr\/magazine\/plus-dinformations\/interview-stagiaire-en-tourisme-management-rh\/#primaryimage\"},\"image\":{\"@id\":\"https:\/\/juvigo.fr\/magazine\/plus-dinformations\/interview-stagiaire-en-tourisme-management-rh\/#primaryimage\"},\"thumbnailUrl\":\"https:\/\/juvigo.fr\/magazine\/wp-content\/uploads\/2024\/07\/annie-spratt-g9KFpAfQ5bc-unsplash.jpg\",\"datePublished\":\"2024-07-31T13:26:15+00:00\",\"dateModified\":\"2024-12-06T12:10:29+00:00\",\"description\":\"D\u00e9couvre le t\u00e9moignage d'une de nos stagiaire en tourisme management et RH au sein de Juvigo, entreprise dynamique et internationale.\",\"breadcrumb\":{\"@id\":\"https:\/\/juvigo.fr\/magazine\/plus-dinformations\/interview-stagiaire-en-tourisme-management-rh\/#breadcrumb\"},\"inLanguage\":\"fr\",\"potentialAction\":[{\"@type\":\"ReadAction\",\"target\":[\"https:\/\/juvigo.fr\/magazine\/plus-dinformations\/interview-stagiaire-en-tourisme-management-rh\/\"]}]},{\"@type\":\"ImageObject\",\"inLanguage\":\"fr\",\"@id\":\"https:\/\/juvigo.fr\/magazine\/plus-dinformations\/interview-stagiaire-en-tourisme-management-rh\/#primaryimage\",\"url\":\"https:\/\/juvigo.fr\/magazine\/wp-content\/uploads\/2024\/07\/annie-spratt-g9KFpAfQ5bc-unsplash.jpg\",\"contentUrl\":\"https:\/\/juvigo.fr\/magazine\/wp-content\/uploads\/2024\/07\/annie-spratt-g9KFpAfQ5bc-unsplash.jpg\",\"width\":1920,\"height\":1574,\"caption\":\"Interview stage \u00e0 Juvigo\"},{\"@type\":\"BreadcrumbList\",\"@id\":\"https:\/\/juvigo.fr\/magazine\/plus-dinformations\/interview-stagiaire-en-tourisme-management-rh\/#breadcrumb\",\"itemListElement\":[{\"@type\":\"ListItem\",\"position\":1,\"name\":\"Juvigo-Magazine\",\"item\":\"https:\/\/juvigo.fr\/magazine\/\"},{\"@type\":\"ListItem\",\"position\":2,\"name\":\"Plus d'informations\",\"item\":\"https:\/\/juvigo.fr\/magazine\/plus-dinformations\/\"},{\"@type\":\"ListItem\",\"position\":3,\"name\":\"Interview &#8211; Stagiaire en Tourisme Management &#038; RH\"}]},{\"@type\":\"WebSite\",\"@id\":\"https:\/\/juvigo.fr\/magazine\/#website\",\"url\":\"https:\/\/juvigo.fr\/magazine\/\",\"name\":\"Magazine\",\"description\":\"Magazine Juvigo - Ton magazine sur les colonies de vacances et s\u00e9jours linguistiques.\",\"publisher\":{\"@id\":\"https:\/\/juvigo.fr\/magazine\/#organization\"},\"potentialAction\":[{\"@type\":\"SearchAction\",\"target\":{\"@type\":\"EntryPoint\",\"urlTemplate\":\"https:\/\/juvigo.fr\/magazine\/?s={search_term_string}\"},\"query-input\":{\"@type\":\"PropertyValueSpecification\",\"valueRequired\":true,\"valueName\":\"search_term_string\"}}],\"inLanguage\":\"fr\"},{\"@type\":\"Organization\",\"@id\":\"https:\/\/juvigo.fr\/magazine\/#organization\",\"name\":\"Juvigo GmbH\",\"url\":\"https:\/\/juvigo.fr\/magazine\/\",\"logo\":{\"@type\":\"ImageObject\",\"inLanguage\":\"fr\",\"@id\":\"https:\/\/juvigo.fr\/magazine\/#\/schema\/logo\/image\/\",\"url\":\"https:\/\/juvigo.fr\/magazine\/wp-content\/uploads\/2022\/02\/magazine_logo_scaled.png\",\"contentUrl\":\"https:\/\/juvigo.fr\/magazine\/wp-content\/uploads\/2022\/02\/magazine_logo_scaled.png\",\"width\":240,\"height\":100,\"caption\":\"Juvigo GmbH\"},\"image\":{\"@id\":\"https:\/\/juvigo.fr\/magazine\/#\/schema\/logo\/image\/\"},\"sameAs\":[\"https:\/\/de-de.facebook.com\/meinjuvigo\",\"https:\/\/x.com\/meinjuvigo\",\"http:\/\/instagram.com\/juvigo_de\/\"]},{\"@type\":\"Person\",\"@id\":\"https:\/\/juvigo.fr\/magazine\/#\/schema\/person\/1525fbe83a87a6ed0e7cf582b6764066\",\"name\":\"Johanna Dambreville\",\"image\":{\"@type\":\"ImageObject\",\"inLanguage\":\"fr\",\"@id\":\"https:\/\/juvigo.fr\/magazine\/#\/schema\/person\/image\/\",\"url\":\"https:\/\/juvigo.fr\/magazine\/wp-content\/uploads\/2024\/05\/logo_1000x1000-150x150.png\",\"contentUrl\":\"https:\/\/juvigo.fr\/magazine\/wp-content\/uploads\/2024\/05\/logo_1000x1000-150x150.png\",\"caption\":\"Johanna Dambreville\"},\"url\":\"https:\/\/juvigo.fr\/magazine\/author\/johannad\/\"}]}<\/script>\n<!-- \/ Yoast SEO plugin. -->","yoast_head_json":{"title":"Interview - Stagiaire en Tourisme Management & RH - Juvigo Magazine","description":"D\u00e9couvre le t\u00e9moignage d'une de nos stagiaire en tourisme management et RH au sein de Juvigo, entreprise dynamique et internationale.","robots":{"index":"index","follow":"follow","max-snippet":"max-snippet:-1","max-image-preview":"max-image-preview:large","max-video-preview":"max-video-preview:-1"},"canonical":"https:\/\/juvigo.fr\/magazine\/plus-dinformations\/interview-stagiaire-en-tourisme-management-rh\/","og_locale":"fr_FR","og_type":"article","og_title":"Interview - Stagiaire en Tourisme Management & RH - Juvigo Magazine","og_description":"D\u00e9couvre le t\u00e9moignage d'une de nos stagiaire en tourisme management et RH au sein de Juvigo, entreprise dynamique et internationale.","og_url":"https:\/\/juvigo.fr\/magazine\/plus-dinformations\/interview-stagiaire-en-tourisme-management-rh\/","og_site_name":"Magazine","article_publisher":"https:\/\/de-de.facebook.com\/meinjuvigo","article_published_time":"2024-07-31T13:26:15+00:00","article_modified_time":"2024-12-06T12:10:29+00:00","og_image":[{"width":1920,"height":1574,"url":"https:\/\/juvigo.fr\/magazine\/wp-content\/uploads\/2024\/07\/annie-spratt-g9KFpAfQ5bc-unsplash.jpg","type":"image\/jpeg"}],"author":"Johanna Dambreville","twitter_card":"summary_large_image","twitter_creator":"@meinjuvigo","twitter_site":"@meinjuvigo","twitter_misc":{"Written by":"Johanna Dambreville","Est. reading time":"5 minutes"},"schema":{"@context":"https:\/\/schema.org","@graph":[{"@type":"Article","@id":"https:\/\/juvigo.fr\/magazine\/plus-dinformations\/interview-stagiaire-en-tourisme-management-rh\/#article","isPartOf":{"@id":"https:\/\/juvigo.fr\/magazine\/plus-dinformations\/interview-stagiaire-en-tourisme-management-rh\/"},"author":{"name":"Johanna Dambreville","@id":"https:\/\/juvigo.fr\/magazine\/#\/schema\/person\/1525fbe83a87a6ed0e7cf582b6764066"},"headline":"Interview &#8211; Stagiaire en Tourisme Management &#038; RH","datePublished":"2024-07-31T13:26:15+00:00","dateModified":"2024-12-06T12:10:29+00:00","mainEntityOfPage":{"@id":"https:\/\/juvigo.fr\/magazine\/plus-dinformations\/interview-stagiaire-en-tourisme-management-rh\/"},"wordCount":1130,"commentCount":0,"publisher":{"@id":"https:\/\/juvigo.fr\/magazine\/#organization"},"image":{"@id":"https:\/\/juvigo.fr\/magazine\/plus-dinformations\/interview-stagiaire-en-tourisme-management-rh\/#primaryimage"},"thumbnailUrl":"https:\/\/juvigo.fr\/magazine\/wp-content\/uploads\/2024\/07\/annie-spratt-g9KFpAfQ5bc-unsplash.jpg","articleSection":["Carri\u00e8re chez Juvigo","Interviews","Plus d'informations"],"inLanguage":"fr","potentialAction":[{"@type":"CommentAction","name":"Comment","target":["https:\/\/juvigo.fr\/magazine\/plus-dinformations\/interview-stagiaire-en-tourisme-management-rh\/#respond"]}]},{"@type":"WebPage","@id":"https:\/\/juvigo.fr\/magazine\/plus-dinformations\/interview-stagiaire-en-tourisme-management-rh\/","url":"https:\/\/juvigo.fr\/magazine\/plus-dinformations\/interview-stagiaire-en-tourisme-management-rh\/","name":"Interview - Stagiaire en Tourisme Management & RH - Juvigo Magazine","isPartOf":{"@id":"https:\/\/juvigo.fr\/magazine\/#website"},"primaryImageOfPage":{"@id":"https:\/\/juvigo.fr\/magazine\/plus-dinformations\/interview-stagiaire-en-tourisme-management-rh\/#primaryimage"},"image":{"@id":"https:\/\/juvigo.fr\/magazine\/plus-dinformations\/interview-stagiaire-en-tourisme-management-rh\/#primaryimage"},"thumbnailUrl":"https:\/\/juvigo.fr\/magazine\/wp-content\/uploads\/2024\/07\/annie-spratt-g9KFpAfQ5bc-unsplash.jpg","datePublished":"2024-07-31T13:26:15+00:00","dateModified":"2024-12-06T12:10:29+00:00","description":"D\u00e9couvre le t\u00e9moignage d'une de nos stagiaire en tourisme management et RH au sein de Juvigo, entreprise dynamique et internationale.","breadcrumb":{"@id":"https:\/\/juvigo.fr\/magazine\/plus-dinformations\/interview-stagiaire-en-tourisme-management-rh\/#breadcrumb"},"inLanguage":"fr","potentialAction":[{"@type":"ReadAction","target":["https:\/\/juvigo.fr\/magazine\/plus-dinformations\/interview-stagiaire-en-tourisme-management-rh\/"]}]},{"@type":"ImageObject","inLanguage":"fr","@id":"https:\/\/juvigo.fr\/magazine\/plus-dinformations\/interview-stagiaire-en-tourisme-management-rh\/#primaryimage","url":"https:\/\/juvigo.fr\/magazine\/wp-content\/uploads\/2024\/07\/annie-spratt-g9KFpAfQ5bc-unsplash.jpg","contentUrl":"https:\/\/juvigo.fr\/magazine\/wp-content\/uploads\/2024\/07\/annie-spratt-g9KFpAfQ5bc-unsplash.jpg","width":1920,"height":1574,"caption":"Interview stage \u00e0 Juvigo"},{"@type":"BreadcrumbList","@id":"https:\/\/juvigo.fr\/magazine\/plus-dinformations\/interview-stagiaire-en-tourisme-management-rh\/#breadcrumb","itemListElement":[{"@type":"ListItem","position":1,"name":"Juvigo-Magazine","item":"https:\/\/juvigo.fr\/magazine\/"},{"@type":"ListItem","position":2,"name":"Plus d'informations","item":"https:\/\/juvigo.fr\/magazine\/plus-dinformations\/"},{"@type":"ListItem","position":3,"name":"Interview &#8211; Stagiaire en Tourisme Management &#038; RH"}]},{"@type":"WebSite","@id":"https:\/\/juvigo.fr\/magazine\/#website","url":"https:\/\/juvigo.fr\/magazine\/","name":"Magazine","description":"Magazine Juvigo - Ton magazine sur les colonies de vacances et s\u00e9jours linguistiques.","publisher":{"@id":"https:\/\/juvigo.fr\/magazine\/#organization"},"potentialAction":[{"@type":"SearchAction","target":{"@type":"EntryPoint","urlTemplate":"https:\/\/juvigo.fr\/magazine\/?s={search_term_string}"},"query-input":{"@type":"PropertyValueSpecification","valueRequired":true,"valueName":"search_term_string"}}],"inLanguage":"fr"},{"@type":"Organization","@id":"https:\/\/juvigo.fr\/magazine\/#organization","name":"Juvigo GmbH","url":"https:\/\/juvigo.fr\/magazine\/","logo":{"@type":"ImageObject","inLanguage":"fr","@id":"https:\/\/juvigo.fr\/magazine\/#\/schema\/logo\/image\/","url":"https:\/\/juvigo.fr\/magazine\/wp-content\/uploads\/2022\/02\/magazine_logo_scaled.png","contentUrl":"https:\/\/juvigo.fr\/magazine\/wp-content\/uploads\/2022\/02\/magazine_logo_scaled.png","width":240,"height":100,"caption":"Juvigo GmbH"},"image":{"@id":"https:\/\/juvigo.fr\/magazine\/#\/schema\/logo\/image\/"},"sameAs":["https:\/\/de-de.facebook.com\/meinjuvigo","https:\/\/x.com\/meinjuvigo","http:\/\/instagram.com\/juvigo_de\/"]},{"@type":"Person","@id":"https:\/\/juvigo.fr\/magazine\/#\/schema\/person\/1525fbe83a87a6ed0e7cf582b6764066","name":"Johanna Dambreville","image":{"@type":"ImageObject","inLanguage":"fr","@id":"https:\/\/juvigo.fr\/magazine\/#\/schema\/person\/image\/","url":"https:\/\/juvigo.fr\/magazine\/wp-content\/uploads\/2024\/05\/logo_1000x1000-150x150.png","contentUrl":"https:\/\/juvigo.fr\/magazine\/wp-content\/uploads\/2024\/05\/logo_1000x1000-150x150.png","caption":"Johanna Dambreville"},"url":"https:\/\/juvigo.fr\/magazine\/author\/johannad\/"}]}},"author_meta":{"display_name":"Johanna Dambreville","author_link":"https:\/\/juvigo.fr\/magazine\/author\/johannad\/"},"featured_img":"https:\/\/juvigo.fr\/magazine\/wp-content\/uploads\/2024\/07\/annie-spratt-g9KFpAfQ5bc-unsplash-300x246.jpg","wps_subtitle":"","coauthors":[],"tax_additional":{"categories":{"linked":["<a href=\"https:\/\/juvigo.fr\/magazine\/carriere-chez-juvigo\/\" class=\"advgb-post-tax-term\">Carri\u00e8re chez Juvigo<\/a>","<a href=\"https:\/\/juvigo.fr\/magazine\/interviews\/\" class=\"advgb-post-tax-term\">Interviews<\/a>","<a href=\"https:\/\/juvigo.fr\/magazine\/plus-dinformations\/\" class=\"advgb-post-tax-term\">Plus d&#039;informations<\/a>"],"unlinked":["<span class=\"advgb-post-tax-term\">Carri\u00e8re chez Juvigo<\/span>","<span class=\"advgb-post-tax-term\">Interviews<\/span>","<span class=\"advgb-post-tax-term\">Plus d&#039;informations<\/span>"]}},"comment_count":"0","relative_dates":{"created":"Posted 2 years ago","modified":"Updated 1 year ago"},"absolute_dates":{"created":"Posted on 31-07-2024","modified":"Updated on 06-12-2024"},"absolute_dates_time":{"created":"Posted on 31-07-2024 15:26","modified":"Updated on 06-12-2024 13:10"},"featured_img_caption":"","series_order":"","_links":{"self":[{"href":"https:\/\/juvigo.fr\/magazine\/wp-json\/wp\/v2\/posts\/9762","targetHints":{"allow":["GET"]}}],"collection":[{"href":"https:\/\/juvigo.fr\/magazine\/wp-json\/wp\/v2\/posts"}],"about":[{"href":"https:\/\/juvigo.fr\/magazine\/wp-json\/wp\/v2\/types\/post"}],"author":[{"embeddable":true,"href":"https:\/\/juvigo.fr\/magazine\/wp-json\/wp\/v2\/users\/26"}],"replies":[{"embeddable":true,"href":"https:\/\/juvigo.fr\/magazine\/wp-json\/wp\/v2\/comments?post=9762"}],"version-history":[{"count":25,"href":"https:\/\/juvigo.fr\/magazine\/wp-json\/wp\/v2\/posts\/9762\/revisions"}],"predecessor-version":[{"id":10126,"href":"https:\/\/juvigo.fr\/magazine\/wp-json\/wp\/v2\/posts\/9762\/revisions\/10126"}],"wp:featuredmedia":[{"embeddable":true,"href":"https:\/\/juvigo.fr\/magazine\/wp-json\/wp\/v2\/media\/9770"}],"wp:attachment":[{"href":"https:\/\/juvigo.fr\/magazine\/wp-json\/wp\/v2\/media?parent=9762"}],"wp:term":[{"taxonomy":"category","embeddable":true,"href":"https:\/\/juvigo.fr\/magazine\/wp-json\/wp\/v2\/categories?post=9762"},{"taxonomy":"table_tags","embeddable":true,"href":"https:\/\/juvigo.fr\/magazine\/wp-json\/wp\/v2\/table_tags?post=9762"}],"curies":[{"name":"wp","href":"https:\/\/api.w.org\/{rel}","templated":true}]}}