{"id":9012,"date":"2023-11-01T13:26:14","date_gmt":"2023-11-01T12:26:14","guid":{"rendered":"https:\/\/juvigo.fr\/magazine\/?p=9012"},"modified":"2025-09-25T18:19:47","modified_gmt":"2025-09-25T16:19:47","slug":"les-vacances-scolaires-belgique","status":"publish","type":"post","link":"https:\/\/juvigo.fr\/magazine\/astuces\/vacances-scolaires\/les-vacances-scolaires-belgique\/","title":{"rendered":"Les vacances scolaires 2025-2026 Belgique"},"content":{"rendered":"\n<h2 class=\"wp-block-heading\"><strong>Les vacances scolaires 2025-2026 Belgique<\/strong><\/h2>\n\n\n\n<p>Comme vous le savez probablement, la F\u00e9d\u00e9ration Wallonie-Bruxelles a adopt\u00e9 un nouveau calendrier scolaire depuis la rentr\u00e9e scolaire 2022. Les \u00e9l\u00e8ves ont d\u00e9sormais des dates de vacances qui sont diff\u00e9rentes de ceux qui sont en Flandre. En r\u00e9sum\u00e9, les vacances d\u2019\u00e9t\u00e9 durent 2 semaines de moins qu\u2019avant, qui sont r\u00e9parties avec une semaine en plus pour l\u2019automne et une de plus pour les cong\u00e9s de d\u00e9tente. Le nombre de jours scolaires et de semaines de vacances ne changent donc pas de l\u2019ancien. <\/p>\n\n\n\n<h3 class=\"wp-block-heading\">Tableau des vacances scolaires <strong>2025-2026 Belgique<\/strong><\/h3>\n\n\n\n<table class=\"wp-block-advgb-table advgb-table-frontend is-style-stripes\"><thead><tr><th style=\"background-color:#f99420;color:#ffffff;text-align:center;vertical-align:middle;padding-top:10px;padding-bottom:10px;border-top-color:#000;border-right-color:#000;border-bottom-color:#000;border-left-color:#000;border-width:1px\"><strong>AUTOMNE<\/strong><\/th><th style=\"background-color:#f99420;color:#ffffff;text-align:center;vertical-align:middle;padding-top:10px;padding-bottom:10px;border-top-color:#000;border-right-color:#000;border-bottom-color:#000;border-left-color:#000;border-width:1px\"><strong>HIVER<\/strong><\/th><th style=\"background-color:#f99420;color:#ffffff;text-align:center;vertical-align:middle;padding-top:10px;padding-bottom:10px;border-top-color:#000;border-right-color:#000;border-bottom-color:#000;border-left-color:#000;border-width:1px\"><strong>D\u00c9TENTE<\/strong><\/th><th style=\"background-color:#f99420;color:#ffffff;text-align:center;vertical-align:middle;padding-top:10px;padding-bottom:10px;border-top-color:#000;border-right-color:#000;border-bottom-color:#000;border-left-color:#000;border-width:1px\"><strong>PRINTEMPS<\/strong><\/th><th style=\"background-color:#f99420;color:#ffffff;text-align:center;vertical-align:middle;border-top-color:#000;border-right-color:#000;border-bottom-color:#000;border-left-color:#000;border-width:1px\"><strong>\u00c9T\u00c9<\/strong><\/th><\/tr><\/thead><tbody><tr><td style=\"text-align:center;vertical-align:middle;border-top-color:#000;border-right-color:#000;border-bottom-color:#000;border-left-color:#000;border-width:1px;color:#1f214d\"><br>20\/10\/2025<br>&#8211;<br>31\/10\/2025<br><\/td><td style=\"text-align:center;vertical-align:middle;border-top-color:#000;border-right-color:#000;border-bottom-color:#000;border-left-color:#000;border-width:1px;color:#1f214d\"><br>22\/12\/2025<br>&#8211;<br>02\/01\/2026<br><\/td><td style=\"text-align:center;vertical-align:middle;border-top-color:#000;border-right-color:#000;border-bottom-color:#000;border-left-color:#000;border-width:1px;color:#1f214d\"><br>16\/02\/2026<br>&#8211;<br>27\/02\/2026<br><\/td><td style=\"text-align:center;vertical-align:middle;border-top-color:#000;border-right-color:#000;border-bottom-color:#000;border-left-color:#000;border-width:1px;color:#1f214d\"><br>27\/04\/2026<br>&#8211;<br>08\/05\/2026<br><\/td><td style=\"text-align:center;vertical-align:middle;border-top-color:#000;border-right-color:#000;border-bottom-color:#000;border-left-color:#000;border-width:1px;color:#1f214d\"><br>06\/07\/2026<br>&#8211;<br>25\/08\/2026<br><\/td><\/tr><\/tbody><\/table>\n\n\n\n<h2 class=\"wp-block-heading\"><strong>Id\u00e9es pour les vacances scolaires 2025-2026 Belgique<\/strong><\/h2>\n\n\n\n<p>La r\u00e9gion wallonne compte cinq provinces : le Brabant wallon, le Hainaut, Li\u00e8ge, le Luxembourg et Namur. Les vacances scolaires sont le moment id\u00e9al pour s\u2019\u00e9vader du quotidien et profiter d\u2019exp\u00e9riences inoubliables. En Wallonie, on peut trouver de nombreuses activit\u00e9s de loisirs pour les enfants comme les adolescents pendant les vacances.<\/p>\n\n\n\n<h3 class=\"wp-block-heading\"><strong>D\u00e9couvrir le parc scientifique de Sparkoh pr\u00e8s de Mons<\/strong><\/h3>\n\n\n\n<p>Pour les vacances scolaires 2024 2025 Belgique, vous pourrez emmener vos enfants d\u00e9couvrir ce parc d\u2019aventure scientifique pr\u00e8s de la ville de Mons. Ils vont pouvoir se plonger de mani\u00e8re ludique et interactive dans le domaine des sciences. Pour d\u00e9couvrir divers th\u00e8mes comme la chimie, la nature ou encore le corps, des expositions et espaces sont d\u00e9di\u00e9s dans cet immense parc. Pour les enfants qui aiment d\u00e9couvrir de nouvelles choses, une <a href=\"https:\/\/juvigo.be\/fr\/colos\/colonies-de-vacances-nature\">colonie de vacances nature<\/a> pourrait leur \u00eatre b\u00e9n\u00e9fique.<\/p>\n\n\n\n<h3 class=\"wp-block-heading\"><strong>En apprendre plus sur l\u2019histoire de la bataille de Waterloo au mus\u00e9e Wellington<\/strong><\/h3>\n\n\n\n<p>Pouvoir co\u00efncider les dates vacances scolaires 2025 avec une visite dans un c\u00e9l\u00e8bre mus\u00e9e, cela vaut toujours le coup. Le mus\u00e9e se trouve dans une b\u00e2tisse datant de 1705 o\u00f9 le duc de Wellington y a \u00e9tabli son quartier g\u00e9n\u00e9ral avant d\u2019affronter Napol\u00e9on. Vous pourrez faire d\u00e9couvrir \u00e0 vos enfants l\u2019histoire derri\u00e8re la bataille de Waterloo dans ce beau b\u00e2timent avec une sc\u00e9nographie repr\u00e9sentant le champ de bataille. Si vous n\u2019avez pas la possibilit\u00e9 d\u2019emmener votre enfant au mus\u00e9e pendant les vacances scolaires, vous pouvez lui proposer de partir en <a href=\"https:\/\/juvigo.be\/fr\/camps-de-vacances\">camp de vacances<\/a> pour la prochaine saison.<\/p>\n\n\n\n<h3 class=\"wp-block-heading\"><strong>Visiter les grottes de Floreffe pr\u00e8s de Namur<\/strong><\/h3>\n\n\n\n<p>Consid\u00e9r\u00e9es comme les plus belles grottes de Wallonie, les grottes de Floreffe sont une \u00e9tape \u00e0 ne pas rater si vous \u00eates pr\u00e8s de Namur. Si vous souhaitez vous aventurer plus bas, vous pouvez aller \u00e0 30 m\u00e8tres sous terre, dans le fameux \u201cTrou du Diable\u201d. Pour faire une activit\u00e9 originale, c\u2019est toujours une bonne id\u00e9e pour les prochaines vacances scolaires 2024 2025. Pour les plus \u00e2g\u00e9s, de nombreuses possibilit\u00e9s s\u2019ouvrent \u00e0 vous pour les occuper pendant une <a href=\"https:\/\/juvigo.be\/fr\/colos\/colonies-sportives-ado\">colonie sportive pour ado<\/a>.<\/p>\n\n\n\n<h3 class=\"wp-block-heading\"><strong>Jouer aux fermiers en herbe pr\u00e8s de Li\u00e8ge<\/strong><\/h3>\n\n\n\n<p>Une journ\u00e9e \u00e0 la ferme est l\u2019activit\u00e9 familiale par excellence en vacances scolaires 24 25. Il est possible d\u2019y passer une journ\u00e9e \u00e0 th\u00e8me pour se plonger dans la vie de la ferme avec les enfants. Il est possible de participer au travail de la ferme, de faire du bricolage et de la cuisine dans un environnement chaleureux. Des balades et des jeux divers sont souvent propos\u00e9s sur la ferme \u00e9galement. Vous pouvez \u00e9galement proposer une <a href=\"https:\/\/juvigo.be\/fr\/colos\/colos-a-la-ferme\">colonie de vacances \u00e0 la ferme<\/a> \u00e0 votre enfant pour les prochaines vacances.<\/p>\n\n\n\n<h3 class=\"wp-block-heading\"><strong>Profiter du lac de Conchibois durant les vacances scolaires 2025-2026 Belgique<\/strong><\/h3>\n\n\n\n<p>Lorsque les beaux jours reviennent, le lac de Conchibois est un endroit id\u00e9al pour une journ\u00e9e ensoleill\u00e9e. C\u2019est un site \u00e9co-touristique qui est tr\u00e8s populaire pendant les vacances scolaires 2024 2025. L\u2019eau de qualit\u00e9 permet des baignades en toute s\u00e9curit\u00e9, avec un ma\u00eetre nageur pr\u00e9sent sur les lieux. Il y en aura pour tous les go\u00fbts avec un skatepark et du paintball pour les ados ainsi que la possibilit\u00e9 de faire du p\u00e9dalo. Pour ceux qui aiment pratiquer le skate, il serait possible d\u2019envisager de les envoyer en <a href=\"https:\/\/juvigo.be\/fr\/colos\/stages-skate\">stage skateboard<\/a>.<\/p>\n\n\n\n<h3 class=\"wp-block-heading\"><strong>D\u00e9couvrir la capitale pour les vacances scolaires 2025-2026 Belgique<\/strong><\/h3>\n\n\n\n<p>Il y a de nombreuses activit\u00e9s possibles dans la ville de Bruxelles pendant les vacances scolaires. Pourquoi ne pas faire quelque chose d\u2019original et de traditionnel \u00e0 la fois ? Pour cela, nous avons une id\u00e9e qui va plaire \u00e0 toute la famille, surtout les plus gourmands. Il est possible de participer \u00e0 un atelier de fabrication de gaufres dans la ville. \u00c0 l\u2019aide d\u2019un cuisinier, vous suivrez les instructions pour faire de belles gaufres et les d\u00e9guster par la suite ! Pour les enfants qui aiment faire des activit\u00e9s manuelles, vous pouvez les envoyer en <a href=\"https:\/\/juvigo.be\/fr\/colos\/colonies-de-vacances-artistiques\">colonie de vacances artistique<\/a>.<\/p>\n\n\n\n<h2 class=\"wp-block-heading\"><strong>La p\u00e9riode de l\u2019automne pour les vacances scolaires 2025-2026 Belgique<\/strong><\/h2>\n\n\n\n<p>La saison d\u2019automne est encore pleine de possibilit\u00e9s pour faire des activit\u00e9s pendant les vacances scolaires 2024 2025 Belgique. Que votre enfant soit \u00e0 la recherche d\u2019exp\u00e9riences en pleine nature ou d\u2019aventures culturelles, ces vacances ouvrent le choix \u00e0 tous.<\/p>\n\n\n\n<h3 class=\"wp-block-heading\"><strong>Un automne dor\u00e9 avec les belles couleurs de la nature<\/strong><\/h3>\n\n\n\n<p>L\u2019automne pendant les vacances scolaires ann\u00e9e 2024 \u00e0 2025 se pr\u00e9sente toujours sous ses plus belles couleurs. Les for\u00eats et les parcs se transforment en un spectacle de couleurs \u00e9clatantes dont on peut profiter pendant de belles balades \u00e0 pied ou \u00e0 v\u00e9lo. De nombreux parcs permettent de pouvoir profiter de l\u2019ambiance automnale pendant les cong\u00e9s d\u2019automne 2025 pour la douce saison.<\/p>\n\n\n\n<h3 class=\"wp-block-heading\"><strong>Faire le plein de culture pendant les vacances scolaires 2025-2026 Belgique<\/strong><\/h3>\n\n\n\n<p>La Wallonie a une sc\u00e8ne culturelle et historique qui a beaucoup \u00e0 offrir aux curieux avides de d\u00e9couvertes. Tu peux trouver diff\u00e9rents mus\u00e9es qui t\u2019emm\u00e8nent en voyage dans le pass\u00e9 pour d\u00e9couvrir l\u2019histoire des diff\u00e9rentes r\u00e9gions ainsi que des collections fascinantes pour revivre ces moments importants. Les amateurs d\u2019art et d\u2019histoire en g\u00e9n\u00e9ral seront ravis par ces nombreuses possibilit\u00e9s pendant les vacances scolaires 2024 2025 Belgique.<\/p>\n\n\n\n<h3 class=\"wp-block-heading\"><strong>Les nombreux d\u00e9lices d\u2019octobre pour les cong\u00e9s d\u2019automne<\/strong><\/h3>\n\n\n\n<p>En automne, c\u2019est toute une saison qui se renouvelle, et avec elle, des produits. Place aux citrouilles, courges, ch\u00e2taignes, pommes, poires, etc. C\u2019est le moment de d\u00e9guster des plats traditionnels et bien r\u00e9confortants pour pr\u00e9parer la saison hivernale \u00e0 venir et les jours qui se raccourcissent. Vous pouvez profiter de cette p\u00e9riode pour d\u00e9guster une bonne gaufre chaude ou encore une carbonade ou des chicons au gratin. Rien de mieux que des bons plats pour pr\u00e9parer les vacances scolaires ann\u00e9e 2024 \u00e0 2025.&nbsp;<\/p>\n\n\n\n<h3 class=\"wp-block-heading\"><strong>F\u00eater Halloween pendant les vacances scolaires 2025-2026 Belgique<\/strong><\/h3>\n\n\n\n<p>Vous avez plusieurs jours devant vous apr\u00e8s la fameuse f\u00eate d\u2019Halloween pour vous reposer avant la rentr\u00e9e scolaire. Cela permet \u00e0 tous de c\u00e9l\u00e9brer Halloween en bonne et due forme et de bien profiter ! Vous pouvez g\u00e9n\u00e9ralement trouver un peu partout des \u00e9v\u00e9nements sp\u00e9ciaux pour l\u2019occasion dans les grandes villes et villages. Pourquoi ne pas organiser une soir\u00e9e d\u00e9guis\u00e9e pour f\u00eater cela avec les proches ? Les enfants seront d\u00e9finitivement ravis de cette id\u00e9e.<\/p>\n\n\n\n<h2 class=\"wp-block-heading\"><strong>Les vacances scolaires 2025-2026 Belgique \u00e0 No\u00ebl<\/strong><\/h2>\n\n\n\n<p>Vous plongez directement dans la magie de No\u00ebl d\u00e8s le premier jour pour passer de bonnes f\u00eates en famille ou entre amis. Le reste des vacances scolaires 2024 2025 permet tout de m\u00eame de faire d\u2019autres activit\u00e9s et de bien profiter de cette atmosph\u00e8re unique et f\u00e9erique.<\/p>\n\n\n\n<h3 class=\"wp-block-heading\"><strong>Les cong\u00e9s d\u2019hiver, une p\u00e9riode relativement magique<\/strong><\/h3>\n\n\n\n<p>C\u2019est une tr\u00e8s bonne p\u00e9riode pour profiter de la r\u00e9gion et vivre de bons moments avec ses proches. Pour ceux qui aiment passer les vacances scolaires 2024 2025 en Wallonie, il y a toujours des activit\u00e9s et \u00e9v\u00e9nements festifs pendant cette p\u00e9riode de l\u2019ann\u00e9e. Vous allez pouvoir faire un voyage dans cette partie de la Belgique qui regorge de surprises.<\/p>\n\n\n\n<h3 class=\"wp-block-heading\"><strong>Vivre l\u2019ambiance des march\u00e9s de No\u00ebl pendant les vacances scolaires 2025-2026 Belgique<\/strong><\/h3>\n\n\n\n<p>La p\u00e9riode de No\u00ebl est g\u00e9n\u00e9ralement anim\u00e9e par une multitude de march\u00e9s de No\u00ebl un peu partout d\u00e9cor\u00e9s de mani\u00e8re festive. En g\u00e9n\u00e9ral dans le centre de la ville, vous pouvez trouver un grand choix de d\u00e9licieuses friandises comme des marrons ou du vin chaud. Il y a aussi de nombreux march\u00e9s de cr\u00e9ateurs qui permettent toujours de trouver de belles id\u00e9es de cadeaux pour faire plaisir aux proches. Les d\u00e9cors sont aussi impressionnants au sein du march\u00e9 et dans le reste de la ville. C\u2019est le moment de mettre le paquet et d\u2019illuminer la ville pour la p\u00e9riode des f\u00eates de No\u00ebl.<\/p>\n\n\n\n<h3 class=\"wp-block-heading\"><strong>Aller faire son shopping de No\u00ebl pour pr\u00e9parer les vacances scolaires 2025-2026 Belgique<\/strong><\/h3>\n\n\n\n<p>Il y a de nombreuses possibilit\u00e9s pour pouvoir faire ses achats de cadeaux de No\u00ebl. Si vous commencez les achats juste avant le d\u00e9but des cong\u00e9s d\u2019hiver, cela risque d\u2019\u00eatre bond\u00e9 ! Mais rien n\u2019est impossible avec une multitude de choix pour vous aider dans cette t\u00e2che. Vous pourrez trouver un grand nombre d\u2019id\u00e9es shopping, que ce soit dans des grands magasins ou des petites boutiques. De plus, les magasins sont g\u00e9n\u00e9ralement d\u00e9cor\u00e9s de mani\u00e8re festive et les vitrines attirent les regards des plus jeunes. C\u2019est un moment sympa pour se promener avec les enfants et voir les d\u00e9corations f\u00e9eriques un peu partout.<\/p>\n\n\n\n<h2 class=\"wp-block-heading\"><strong>Les vacances scolaires 2025-2026 Belgique pour les cong\u00e9s de d\u00e9tente<\/strong><\/h2>\n\n\n\n<p>C\u2019est le moment de profiter de l\u2019hiver et de faire de nouvelles rencontres ! De nouvelles activit\u00e9s s\u2019offrent \u00e0 vous avec ce nouveau d\u00e9but d\u2019ann\u00e9e.<\/p>\n\n\n\n<h3 class=\"wp-block-heading\"><strong>Tenter une nouvelle activit\u00e9 pendant les cong\u00e9s de d\u00e9tente<\/strong><\/h3>\n\n\n\n<p>Pour certains, les vacances scolaires 2024 2025 Belgique riment avec repos et relaxation. Pour d\u2019autres, cela rime plut\u00f4t avec d\u00e9couvertes et aventures. Si certains souhaitent plut\u00f4t d\u00e9couvrir quelque chose de nouveau, cela pourrait \u00eatre l\u2019occasion d\u2019essayer une activit\u00e9 hivernale. Vous pourriez vous lancer dans le patin \u00e0 glace, parfait pour le mois de f\u00e9vrier pour profiter de l\u2019ext\u00e9rieur. Vous devrez combattre le froid pour profiter sur la glace et faire quelques tours de patin. Il faudra \u00e9galement pr\u00e9voir des v\u00eatements chauds et adapt\u00e9s pour l\u2019activit\u00e9, afin de bien profiter des cong\u00e9s de d\u00e9tente.<\/p>\n\n\n\n<h3 class=\"wp-block-heading\"><strong>D\u00e9couvrir la culture et l\u2019histoire pendant les vacances scolaires 2025-2026 Belgique<\/strong><\/h3>\n\n\n\n<p>Comme vous le savez, la Belgique a une riche culture et des histoires \u00e0 offrir tout au long de l\u2019ann\u00e9e, m\u00eame pendant les cong\u00e9s de d\u00e9tente 2025. Si le temps le permet, vous pouvez en profiter pour visiter des villes historiques et d\u00e9couvrir leur patrimoine. Si le temps est trop froid \u00e0 l\u2019ext\u00e9rieur, l\u2019exploration d\u2019une ville peut se faire \u00e0 l\u2019int\u00e9rieur. De nombreux mus\u00e9es sont disponibles, notamment dans les grandes villes, pour permettre de se plonger dans l\u2019histoire tout en restant bien au chaud.<\/p>\n\n\n\n<h2 class=\"wp-block-heading\"><strong>Les cong\u00e9s de printemps pour les vacances scolaires 2025-2026 Belgique<\/strong><\/h2>\n\n\n\n<p>Pour vivre une exp\u00e9rience printani\u00e8re divertissante, il y a toujours de nombreuses possibilit\u00e9s. C\u2019est le moment de f\u00eater P\u00e2ques et retrouver sa famille, ou encore de profiter de la nature qui bourgeonne partout.<\/p>\n\n\n\n<h3 class=\"wp-block-heading\"><strong>Profiter de la convivialit\u00e9 de P\u00e2ques pendant les cong\u00e9s de printemps<\/strong><\/h3>\n\n\n\n<p>Les vacances scolaires 2024 2025 Belgique pendant la p\u00e9riode de P\u00e2ques sont associ\u00e9es \u00e0 la joie printani\u00e8re et une ambiance tr\u00e8s festive. De nombreuses f\u00eates et \u00e9v\u00e9nements sont organis\u00e9s pour sortir de la torpeur hivernale et profiter des temp\u00e9ratures qui remontent doucement. Pouvoir profiter d\u2019un festival avec des man\u00e8ges, d\u00e9lices culinaires en tout genre et divertissements pour la famille semble une id\u00e9e parfaite pour les vacances scolaires 2024 2025.<\/p>\n\n\n\n<h3 class=\"wp-block-heading\"><strong>D\u00e9couvrir la beaut\u00e9 des fleurs dans la nature et les parcs pour les cong\u00e9s de printemps<\/strong><\/h3>\n\n\n\n<p>Le printemps apporte avec lui une explosion de couleurs et de fleurs de toutes sortes. Pendant les vacances scolaires 2024 2025 Belgique, vous pouvez profiter du moment pour aller visiter des parcs fleuris. Lorsque les plantes sont en pleine floraison, les parcs se transforment tous en v\u00e9ritables paradis floraux. C\u2019est une super activit\u00e9 \u00e0 faire pour profiter de la nature et du printemps qui arrive. Se promener dans les beaux jardins entretenus, profiter de l\u2019air printanier et admirer la beaut\u00e9 de la nature, c\u2019est ce qu\u2019on vous souhaite pour les cong\u00e9s de printemps 2025.<\/p>\n\n\n\n<h3 class=\"wp-block-heading\"><strong>De nombreuses possibilit\u00e9s s\u2019offrent \u00e0 vous pour les vacances scolaires 2025-2026 Belgique<\/strong><\/h3>\n\n\n\n<p>En conclusion, vous pouvez voir qu\u2019il est possible de passer de bonnes vacances, quelle que soit la saison. C\u2019est une tr\u00e8s bonne occasion pour d\u00e9couvrir ou red\u00e9couvrir votre r\u00e9gion et les nombreuses possibilit\u00e9s qui se trouvent en Belgique. Si vous souhaitez tout de m\u00eame un peu d\u2019aide pour les prochaines vacances, vous pouvez aller voir notre offre de <a href=\"https:\/\/juvigo.be\/fr\/colonies-de-vacances\">colonies de vacances<\/a>. Pour en savoir plus sur nous et notre offre, n\u2019h\u00e9sitez pas \u00e0 aller voir notre <a href=\"https:\/\/juvigo.be\/fr\/\">site internet<\/a>. Vous pouvez aussi aller voir notre offre de <a href=\"https:\/\/juvigo.fr\/colonies-de-vacances\">colonies de vacances<\/a> sur juvigo.fr pour la France. Si besoin, n\u2019h\u00e9sitez pas \u00e0 nous contacter par mail au <strong><a href=\"mailto:contact@juvigo.fr\">contact@juvigo.fr<\/a><\/strong>ou par t\u00e9l\u00e9phone au <strong><a href=\"tel:+33186655401\">01 86 65 54 01<\/a><\/strong>.<\/p>\n","protected":false},"excerpt":{"rendered":"<p>Les vacances scolaires 2025-2026 Belgique Comme vous le savez probablement, la F\u00e9d\u00e9ration Wallonie-Bruxelles a adopt\u00e9 un nouveau calendrier scolaire depuis la rentr\u00e9e scolaire 2022. Les \u00e9l\u00e8ves ont d\u00e9sormais des dates de vacances qui sont diff\u00e9rentes de ceux qui sont en Flandre. En r\u00e9sum\u00e9, les vacances d\u2019\u00e9t\u00e9 durent 2 semaines de moins qu\u2019avant, qui sont r\u00e9parties [&hellip;]<\/p>\n","protected":false},"author":26,"featured_media":9028,"comment_status":"open","ping_status":"closed","sticky":false,"template":"","format":"standard","meta":{"advgb_blocks_editor_width":"","advgb_blocks_columns_visual_guide":"","footnotes":"","_links_to":"","_links_to_target":""},"categories":[491],"table_tags":[],"class_list":["post-9012","post","type-post","status-publish","format-standard","has-post-thumbnail","hentry","category-vacances-scolaires"],"yoast_head":"<!-- This site is optimized with the Yoast SEO plugin v24.8.1 - https:\/\/yoast.com\/wordpress\/plugins\/seo\/ -->\n<title>Les vacances scolaires 2025-2026 Belgique - Juvigo Magazine<\/title>\n<meta name=\"description\" content=\"Pour les vacances scolaires 2025-2026 Belgique, de nombreuses possibilit\u00e9s t\u2019attendent en termes de colonies de vacances avec Juvigo.\" \/>\n<meta name=\"robots\" content=\"index, follow, max-snippet:-1, max-image-preview:large, max-video-preview:-1\" \/>\n<link rel=\"canonical\" href=\"https:\/\/juvigo.fr\/magazine\/astuces\/vacances-scolaires\/les-vacances-scolaires-belgique\/\" \/>\n<meta property=\"og:locale\" content=\"fr_FR\" \/>\n<meta property=\"og:type\" content=\"article\" \/>\n<meta property=\"og:title\" content=\"Les vacances scolaires 2025-2026 Belgique - Juvigo Magazine\" \/>\n<meta property=\"og:description\" content=\"Pour les vacances scolaires 2025-2026 Belgique, de nombreuses possibilit\u00e9s t\u2019attendent en termes de colonies de vacances avec Juvigo.\" \/>\n<meta property=\"og:url\" content=\"https:\/\/juvigo.fr\/magazine\/astuces\/vacances-scolaires\/les-vacances-scolaires-belgique\/\" \/>\n<meta property=\"og:site_name\" content=\"Magazine\" \/>\n<meta property=\"article:publisher\" content=\"https:\/\/de-de.facebook.com\/meinjuvigo\" \/>\n<meta property=\"article:published_time\" content=\"2023-11-01T12:26:14+00:00\" \/>\n<meta property=\"article:modified_time\" content=\"2025-09-25T16:19:47+00:00\" \/>\n<meta property=\"og:image\" content=\"https:\/\/juvigo.fr\/magazine\/wp-content\/uploads\/2023\/11\/0AC53437-3EEB-4ABF-B210-0208659B2C4F_1_201_a-e1699519825996.jpeg\" \/>\n\t<meta property=\"og:image:width\" content=\"688\" \/>\n\t<meta property=\"og:image:height\" content=\"387\" \/>\n\t<meta property=\"og:image:type\" content=\"image\/jpeg\" \/>\n<meta name=\"author\" content=\"Johanna Dambreville\" \/>\n<meta name=\"twitter:card\" content=\"summary_large_image\" \/>\n<meta name=\"twitter:creator\" content=\"@meinjuvigo\" \/>\n<meta name=\"twitter:site\" content=\"@meinjuvigo\" \/>\n<meta name=\"twitter:label1\" content=\"Written by\" \/>\n\t<meta name=\"twitter:data1\" content=\"Johanna Dambreville\" \/>\n\t<meta name=\"twitter:label2\" content=\"Est. reading time\" \/>\n\t<meta name=\"twitter:data2\" content=\"10 minutes\" \/>\n<script type=\"application\/ld+json\" class=\"yoast-schema-graph\">{\"@context\":\"https:\/\/schema.org\",\"@graph\":[{\"@type\":\"Article\",\"@id\":\"https:\/\/juvigo.fr\/magazine\/astuces\/vacances-scolaires\/les-vacances-scolaires-belgique\/#article\",\"isPartOf\":{\"@id\":\"https:\/\/juvigo.fr\/magazine\/astuces\/vacances-scolaires\/les-vacances-scolaires-belgique\/\"},\"author\":{\"name\":\"Johanna Dambreville\",\"@id\":\"https:\/\/juvigo.fr\/magazine\/#\/schema\/person\/1525fbe83a87a6ed0e7cf582b6764066\"},\"headline\":\"Les vacances scolaires 2025-2026 Belgique\",\"datePublished\":\"2023-11-01T12:26:14+00:00\",\"dateModified\":\"2025-09-25T16:19:47+00:00\",\"mainEntityOfPage\":{\"@id\":\"https:\/\/juvigo.fr\/magazine\/astuces\/vacances-scolaires\/les-vacances-scolaires-belgique\/\"},\"wordCount\":2320,\"commentCount\":0,\"publisher\":{\"@id\":\"https:\/\/juvigo.fr\/magazine\/#organization\"},\"image\":{\"@id\":\"https:\/\/juvigo.fr\/magazine\/astuces\/vacances-scolaires\/les-vacances-scolaires-belgique\/#primaryimage\"},\"thumbnailUrl\":\"https:\/\/juvigo.fr\/magazine\/wp-content\/uploads\/2023\/11\/0AC53437-3EEB-4ABF-B210-0208659B2C4F_1_201_a-e1699519825996.jpeg\",\"articleSection\":[\"Vacances scolaires\"],\"inLanguage\":\"fr\",\"potentialAction\":[{\"@type\":\"CommentAction\",\"name\":\"Comment\",\"target\":[\"https:\/\/juvigo.fr\/magazine\/astuces\/vacances-scolaires\/les-vacances-scolaires-belgique\/#respond\"]}]},{\"@type\":\"WebPage\",\"@id\":\"https:\/\/juvigo.fr\/magazine\/astuces\/vacances-scolaires\/les-vacances-scolaires-belgique\/\",\"url\":\"https:\/\/juvigo.fr\/magazine\/astuces\/vacances-scolaires\/les-vacances-scolaires-belgique\/\",\"name\":\"Les vacances scolaires 2025-2026 Belgique - Juvigo Magazine\",\"isPartOf\":{\"@id\":\"https:\/\/juvigo.fr\/magazine\/#website\"},\"primaryImageOfPage\":{\"@id\":\"https:\/\/juvigo.fr\/magazine\/astuces\/vacances-scolaires\/les-vacances-scolaires-belgique\/#primaryimage\"},\"image\":{\"@id\":\"https:\/\/juvigo.fr\/magazine\/astuces\/vacances-scolaires\/les-vacances-scolaires-belgique\/#primaryimage\"},\"thumbnailUrl\":\"https:\/\/juvigo.fr\/magazine\/wp-content\/uploads\/2023\/11\/0AC53437-3EEB-4ABF-B210-0208659B2C4F_1_201_a-e1699519825996.jpeg\",\"datePublished\":\"2023-11-01T12:26:14+00:00\",\"dateModified\":\"2025-09-25T16:19:47+00:00\",\"description\":\"Pour les vacances scolaires 2025-2026 Belgique, de nombreuses possibilit\u00e9s t\u2019attendent en termes de colonies de vacances avec Juvigo.\",\"breadcrumb\":{\"@id\":\"https:\/\/juvigo.fr\/magazine\/astuces\/vacances-scolaires\/les-vacances-scolaires-belgique\/#breadcrumb\"},\"inLanguage\":\"fr\",\"potentialAction\":[{\"@type\":\"ReadAction\",\"target\":[\"https:\/\/juvigo.fr\/magazine\/astuces\/vacances-scolaires\/les-vacances-scolaires-belgique\/\"]}]},{\"@type\":\"ImageObject\",\"inLanguage\":\"fr\",\"@id\":\"https:\/\/juvigo.fr\/magazine\/astuces\/vacances-scolaires\/les-vacances-scolaires-belgique\/#primaryimage\",\"url\":\"https:\/\/juvigo.fr\/magazine\/wp-content\/uploads\/2023\/11\/0AC53437-3EEB-4ABF-B210-0208659B2C4F_1_201_a-e1699519825996.jpeg\",\"contentUrl\":\"https:\/\/juvigo.fr\/magazine\/wp-content\/uploads\/2023\/11\/0AC53437-3EEB-4ABF-B210-0208659B2C4F_1_201_a-e1699519825996.jpeg\",\"width\":688,\"height\":387},{\"@type\":\"BreadcrumbList\",\"@id\":\"https:\/\/juvigo.fr\/magazine\/astuces\/vacances-scolaires\/les-vacances-scolaires-belgique\/#breadcrumb\",\"itemListElement\":[{\"@type\":\"ListItem\",\"position\":1,\"name\":\"Juvigo-Magazine\",\"item\":\"https:\/\/juvigo.fr\/magazine\/\"},{\"@type\":\"ListItem\",\"position\":2,\"name\":\"Astuces\",\"item\":\"https:\/\/juvigo.fr\/magazine\/astuces\/\"},{\"@type\":\"ListItem\",\"position\":3,\"name\":\"Vacances scolaires\",\"item\":\"https:\/\/juvigo.fr\/magazine\/astuces\/vacances-scolaires\/\"},{\"@type\":\"ListItem\",\"position\":4,\"name\":\"Les vacances scolaires 2025-2026 Belgique\"}]},{\"@type\":\"WebSite\",\"@id\":\"https:\/\/juvigo.fr\/magazine\/#website\",\"url\":\"https:\/\/juvigo.fr\/magazine\/\",\"name\":\"Magazine\",\"description\":\"Magazine Juvigo - Ton magazine sur les colonies de vacances et s\u00e9jours linguistiques.\",\"publisher\":{\"@id\":\"https:\/\/juvigo.fr\/magazine\/#organization\"},\"potentialAction\":[{\"@type\":\"SearchAction\",\"target\":{\"@type\":\"EntryPoint\",\"urlTemplate\":\"https:\/\/juvigo.fr\/magazine\/?s={search_term_string}\"},\"query-input\":{\"@type\":\"PropertyValueSpecification\",\"valueRequired\":true,\"valueName\":\"search_term_string\"}}],\"inLanguage\":\"fr\"},{\"@type\":\"Organization\",\"@id\":\"https:\/\/juvigo.fr\/magazine\/#organization\",\"name\":\"Juvigo GmbH\",\"url\":\"https:\/\/juvigo.fr\/magazine\/\",\"logo\":{\"@type\":\"ImageObject\",\"inLanguage\":\"fr\",\"@id\":\"https:\/\/juvigo.fr\/magazine\/#\/schema\/logo\/image\/\",\"url\":\"https:\/\/juvigo.fr\/magazine\/wp-content\/uploads\/2022\/02\/magazine_logo_scaled.png\",\"contentUrl\":\"https:\/\/juvigo.fr\/magazine\/wp-content\/uploads\/2022\/02\/magazine_logo_scaled.png\",\"width\":240,\"height\":100,\"caption\":\"Juvigo GmbH\"},\"image\":{\"@id\":\"https:\/\/juvigo.fr\/magazine\/#\/schema\/logo\/image\/\"},\"sameAs\":[\"https:\/\/de-de.facebook.com\/meinjuvigo\",\"https:\/\/x.com\/meinjuvigo\",\"http:\/\/instagram.com\/juvigo_de\/\"]},{\"@type\":\"Person\",\"@id\":\"https:\/\/juvigo.fr\/magazine\/#\/schema\/person\/1525fbe83a87a6ed0e7cf582b6764066\",\"name\":\"Johanna Dambreville\",\"image\":{\"@type\":\"ImageObject\",\"inLanguage\":\"fr\",\"@id\":\"https:\/\/juvigo.fr\/magazine\/#\/schema\/person\/image\/\",\"url\":\"https:\/\/juvigo.fr\/magazine\/wp-content\/uploads\/2024\/05\/logo_1000x1000-150x150.png\",\"contentUrl\":\"https:\/\/juvigo.fr\/magazine\/wp-content\/uploads\/2024\/05\/logo_1000x1000-150x150.png\",\"caption\":\"Johanna Dambreville\"},\"url\":\"https:\/\/juvigo.fr\/magazine\/author\/johannad\/\"}]}<\/script>\n<!-- \/ Yoast SEO plugin. -->","yoast_head_json":{"title":"Les vacances scolaires 2025-2026 Belgique - Juvigo Magazine","description":"Pour les vacances scolaires 2025-2026 Belgique, de nombreuses possibilit\u00e9s t\u2019attendent en termes de colonies de vacances avec Juvigo.","robots":{"index":"index","follow":"follow","max-snippet":"max-snippet:-1","max-image-preview":"max-image-preview:large","max-video-preview":"max-video-preview:-1"},"canonical":"https:\/\/juvigo.fr\/magazine\/astuces\/vacances-scolaires\/les-vacances-scolaires-belgique\/","og_locale":"fr_FR","og_type":"article","og_title":"Les vacances scolaires 2025-2026 Belgique - Juvigo Magazine","og_description":"Pour les vacances scolaires 2025-2026 Belgique, de nombreuses possibilit\u00e9s t\u2019attendent en termes de colonies de vacances avec Juvigo.","og_url":"https:\/\/juvigo.fr\/magazine\/astuces\/vacances-scolaires\/les-vacances-scolaires-belgique\/","og_site_name":"Magazine","article_publisher":"https:\/\/de-de.facebook.com\/meinjuvigo","article_published_time":"2023-11-01T12:26:14+00:00","article_modified_time":"2025-09-25T16:19:47+00:00","og_image":[{"width":688,"height":387,"url":"https:\/\/juvigo.fr\/magazine\/wp-content\/uploads\/2023\/11\/0AC53437-3EEB-4ABF-B210-0208659B2C4F_1_201_a-e1699519825996.jpeg","type":"image\/jpeg"}],"author":"Johanna Dambreville","twitter_card":"summary_large_image","twitter_creator":"@meinjuvigo","twitter_site":"@meinjuvigo","twitter_misc":{"Written by":"Johanna Dambreville","Est. reading time":"10 minutes"},"schema":{"@context":"https:\/\/schema.org","@graph":[{"@type":"Article","@id":"https:\/\/juvigo.fr\/magazine\/astuces\/vacances-scolaires\/les-vacances-scolaires-belgique\/#article","isPartOf":{"@id":"https:\/\/juvigo.fr\/magazine\/astuces\/vacances-scolaires\/les-vacances-scolaires-belgique\/"},"author":{"name":"Johanna Dambreville","@id":"https:\/\/juvigo.fr\/magazine\/#\/schema\/person\/1525fbe83a87a6ed0e7cf582b6764066"},"headline":"Les vacances scolaires 2025-2026 Belgique","datePublished":"2023-11-01T12:26:14+00:00","dateModified":"2025-09-25T16:19:47+00:00","mainEntityOfPage":{"@id":"https:\/\/juvigo.fr\/magazine\/astuces\/vacances-scolaires\/les-vacances-scolaires-belgique\/"},"wordCount":2320,"commentCount":0,"publisher":{"@id":"https:\/\/juvigo.fr\/magazine\/#organization"},"image":{"@id":"https:\/\/juvigo.fr\/magazine\/astuces\/vacances-scolaires\/les-vacances-scolaires-belgique\/#primaryimage"},"thumbnailUrl":"https:\/\/juvigo.fr\/magazine\/wp-content\/uploads\/2023\/11\/0AC53437-3EEB-4ABF-B210-0208659B2C4F_1_201_a-e1699519825996.jpeg","articleSection":["Vacances scolaires"],"inLanguage":"fr","potentialAction":[{"@type":"CommentAction","name":"Comment","target":["https:\/\/juvigo.fr\/magazine\/astuces\/vacances-scolaires\/les-vacances-scolaires-belgique\/#respond"]}]},{"@type":"WebPage","@id":"https:\/\/juvigo.fr\/magazine\/astuces\/vacances-scolaires\/les-vacances-scolaires-belgique\/","url":"https:\/\/juvigo.fr\/magazine\/astuces\/vacances-scolaires\/les-vacances-scolaires-belgique\/","name":"Les vacances scolaires 2025-2026 Belgique - Juvigo Magazine","isPartOf":{"@id":"https:\/\/juvigo.fr\/magazine\/#website"},"primaryImageOfPage":{"@id":"https:\/\/juvigo.fr\/magazine\/astuces\/vacances-scolaires\/les-vacances-scolaires-belgique\/#primaryimage"},"image":{"@id":"https:\/\/juvigo.fr\/magazine\/astuces\/vacances-scolaires\/les-vacances-scolaires-belgique\/#primaryimage"},"thumbnailUrl":"https:\/\/juvigo.fr\/magazine\/wp-content\/uploads\/2023\/11\/0AC53437-3EEB-4ABF-B210-0208659B2C4F_1_201_a-e1699519825996.jpeg","datePublished":"2023-11-01T12:26:14+00:00","dateModified":"2025-09-25T16:19:47+00:00","description":"Pour les vacances scolaires 2025-2026 Belgique, de nombreuses possibilit\u00e9s t\u2019attendent en termes de colonies de vacances avec Juvigo.","breadcrumb":{"@id":"https:\/\/juvigo.fr\/magazine\/astuces\/vacances-scolaires\/les-vacances-scolaires-belgique\/#breadcrumb"},"inLanguage":"fr","potentialAction":[{"@type":"ReadAction","target":["https:\/\/juvigo.fr\/magazine\/astuces\/vacances-scolaires\/les-vacances-scolaires-belgique\/"]}]},{"@type":"ImageObject","inLanguage":"fr","@id":"https:\/\/juvigo.fr\/magazine\/astuces\/vacances-scolaires\/les-vacances-scolaires-belgique\/#primaryimage","url":"https:\/\/juvigo.fr\/magazine\/wp-content\/uploads\/2023\/11\/0AC53437-3EEB-4ABF-B210-0208659B2C4F_1_201_a-e1699519825996.jpeg","contentUrl":"https:\/\/juvigo.fr\/magazine\/wp-content\/uploads\/2023\/11\/0AC53437-3EEB-4ABF-B210-0208659B2C4F_1_201_a-e1699519825996.jpeg","width":688,"height":387},{"@type":"BreadcrumbList","@id":"https:\/\/juvigo.fr\/magazine\/astuces\/vacances-scolaires\/les-vacances-scolaires-belgique\/#breadcrumb","itemListElement":[{"@type":"ListItem","position":1,"name":"Juvigo-Magazine","item":"https:\/\/juvigo.fr\/magazine\/"},{"@type":"ListItem","position":2,"name":"Astuces","item":"https:\/\/juvigo.fr\/magazine\/astuces\/"},{"@type":"ListItem","position":3,"name":"Vacances scolaires","item":"https:\/\/juvigo.fr\/magazine\/astuces\/vacances-scolaires\/"},{"@type":"ListItem","position":4,"name":"Les vacances scolaires 2025-2026 Belgique"}]},{"@type":"WebSite","@id":"https:\/\/juvigo.fr\/magazine\/#website","url":"https:\/\/juvigo.fr\/magazine\/","name":"Magazine","description":"Magazine Juvigo - Ton magazine sur les colonies de vacances et s\u00e9jours linguistiques.","publisher":{"@id":"https:\/\/juvigo.fr\/magazine\/#organization"},"potentialAction":[{"@type":"SearchAction","target":{"@type":"EntryPoint","urlTemplate":"https:\/\/juvigo.fr\/magazine\/?s={search_term_string}"},"query-input":{"@type":"PropertyValueSpecification","valueRequired":true,"valueName":"search_term_string"}}],"inLanguage":"fr"},{"@type":"Organization","@id":"https:\/\/juvigo.fr\/magazine\/#organization","name":"Juvigo GmbH","url":"https:\/\/juvigo.fr\/magazine\/","logo":{"@type":"ImageObject","inLanguage":"fr","@id":"https:\/\/juvigo.fr\/magazine\/#\/schema\/logo\/image\/","url":"https:\/\/juvigo.fr\/magazine\/wp-content\/uploads\/2022\/02\/magazine_logo_scaled.png","contentUrl":"https:\/\/juvigo.fr\/magazine\/wp-content\/uploads\/2022\/02\/magazine_logo_scaled.png","width":240,"height":100,"caption":"Juvigo GmbH"},"image":{"@id":"https:\/\/juvigo.fr\/magazine\/#\/schema\/logo\/image\/"},"sameAs":["https:\/\/de-de.facebook.com\/meinjuvigo","https:\/\/x.com\/meinjuvigo","http:\/\/instagram.com\/juvigo_de\/"]},{"@type":"Person","@id":"https:\/\/juvigo.fr\/magazine\/#\/schema\/person\/1525fbe83a87a6ed0e7cf582b6764066","name":"Johanna Dambreville","image":{"@type":"ImageObject","inLanguage":"fr","@id":"https:\/\/juvigo.fr\/magazine\/#\/schema\/person\/image\/","url":"https:\/\/juvigo.fr\/magazine\/wp-content\/uploads\/2024\/05\/logo_1000x1000-150x150.png","contentUrl":"https:\/\/juvigo.fr\/magazine\/wp-content\/uploads\/2024\/05\/logo_1000x1000-150x150.png","caption":"Johanna Dambreville"},"url":"https:\/\/juvigo.fr\/magazine\/author\/johannad\/"}]}},"author_meta":{"display_name":"Johanna Dambreville","author_link":"https:\/\/juvigo.fr\/magazine\/author\/johannad\/"},"featured_img":"https:\/\/juvigo.fr\/magazine\/wp-content\/uploads\/2023\/11\/0AC53437-3EEB-4ABF-B210-0208659B2C4F_1_201_a-e1699519825996-300x169.jpeg","wps_subtitle":"","coauthors":[],"tax_additional":{"categories":{"linked":["<a href=\"https:\/\/juvigo.fr\/magazine\/astuces\/vacances-scolaires\/\" class=\"advgb-post-tax-term\">Vacances scolaires<\/a>"],"unlinked":["<span class=\"advgb-post-tax-term\">Vacances scolaires<\/span>"]}},"comment_count":"0","relative_dates":{"created":"Posted 2 years ago","modified":"Updated 7 months ago"},"absolute_dates":{"created":"Posted on 01-11-2023","modified":"Updated on 25-09-2025"},"absolute_dates_time":{"created":"Posted on 01-11-2023 13:26","modified":"Updated on 25-09-2025 18:19"},"featured_img_caption":"","series_order":"","_links":{"self":[{"href":"https:\/\/juvigo.fr\/magazine\/wp-json\/wp\/v2\/posts\/9012","targetHints":{"allow":["GET"]}}],"collection":[{"href":"https:\/\/juvigo.fr\/magazine\/wp-json\/wp\/v2\/posts"}],"about":[{"href":"https:\/\/juvigo.fr\/magazine\/wp-json\/wp\/v2\/types\/post"}],"author":[{"embeddable":true,"href":"https:\/\/juvigo.fr\/magazine\/wp-json\/wp\/v2\/users\/26"}],"replies":[{"embeddable":true,"href":"https:\/\/juvigo.fr\/magazine\/wp-json\/wp\/v2\/comments?post=9012"}],"version-history":[{"count":9,"href":"https:\/\/juvigo.fr\/magazine\/wp-json\/wp\/v2\/posts\/9012\/revisions"}],"predecessor-version":[{"id":11112,"href":"https:\/\/juvigo.fr\/magazine\/wp-json\/wp\/v2\/posts\/9012\/revisions\/11112"}],"wp:featuredmedia":[{"embeddable":true,"href":"https:\/\/juvigo.fr\/magazine\/wp-json\/wp\/v2\/media\/9028"}],"wp:attachment":[{"href":"https:\/\/juvigo.fr\/magazine\/wp-json\/wp\/v2\/media?parent=9012"}],"wp:term":[{"taxonomy":"category","embeddable":true,"href":"https:\/\/juvigo.fr\/magazine\/wp-json\/wp\/v2\/categories?post=9012"},{"taxonomy":"table_tags","embeddable":true,"href":"https:\/\/juvigo.fr\/magazine\/wp-json\/wp\/v2\/table_tags?post=9012"}],"curies":[{"name":"wp","href":"https:\/\/api.w.org\/{rel}","templated":true}]}}