{"id":8998,"date":"2023-10-27T15:58:54","date_gmt":"2023-10-27T13:58:54","guid":{"rendered":"https:\/\/juvigo.fr\/magazine\/?p=8998"},"modified":"2025-09-25T18:19:01","modified_gmt":"2025-09-25T16:19:01","slug":"les-vacances-scolaire-zone-c","status":"publish","type":"post","link":"https:\/\/juvigo.fr\/magazine\/astuces\/vacances-scolaires\/les-vacances-scolaire-zone-c\/","title":{"rendered":"Les vacances scolaire zone C 2025-2026"},"content":{"rendered":"\n<h2 class=\"wp-block-heading\" id=\"les-dates-de-vacances-scolaires-2025-pour-la-zone-c-415c4fdd-d0f7-4365-aa2d-8e12b3e891da\"><strong>Les dates de vacances scolaires zone C 2025-2026<\/strong><\/h2>\n\n\n\n<p>Pour mieux pr\u00e9parer les vacances scolaire zone C 2025-2026 il te faut conna\u00eetre les p\u00e9riodes de vacances scolaires. Pour ceux qui ne le sauraient pas, la zone C concerne les acad\u00e9mies de Cr\u00e9teil, Montpellier, Paris, Toulouse et Versailles. Voici donc les dates vacances scolaires 2025 zone C :&nbsp;<\/p>\n\n\n\n<h3 class=\"wp-block-heading\">Tableau des vacances scolaires zone C 2025-2026<\/h3>\n\n\n\n<table class=\"wp-block-advgb-table advgb-table-frontend is-style-stripes\"><thead><tr><th style=\"background-color:#f99420;color:#ffffff;text-align:center;vertical-align:middle;padding-top:10px;padding-bottom:10px;border-top-color:#000;border-right-color:#000;border-bottom-color:#000;border-left-color:#000;border-width:1px\"><strong>ZONE<\/strong><\/th><th style=\"background-color:#f99420;color:#ffffff;text-align:center;vertical-align:middle;padding-top:10px;padding-bottom:10px;border-top-color:#000;border-right-color:#000;border-bottom-color:#000;border-left-color:#000;border-width:1px\"><strong>TOUSSAINT<\/strong><\/th><th style=\"background-color:#f99420;color:#ffffff;text-align:center;vertical-align:middle;padding-top:10px;padding-bottom:10px;border-top-color:#000;border-right-color:#000;border-bottom-color:#000;border-left-color:#000;border-width:1px\"><strong>NO\u00cbL<\/strong><\/th><th style=\"background-color:#f99420;color:#ffffff;text-align:center;vertical-align:middle;padding-top:10px;padding-bottom:10px;border-top-color:#000;border-right-color:#000;border-bottom-color:#000;border-left-color:#000;border-width:1px\"><strong>HIVER<\/strong><\/th><th style=\"background-color:#f99420;color:#ffffff;text-align:center;vertical-align:middle;padding-top:10px;padding-bottom:10px;border-top-color:#000;border-right-color:#000;border-bottom-color:#000;border-left-color:#000;border-width:1px\"><strong>P\u00c2QUES<\/strong><\/th><th style=\"background-color:#f99420;color:#ffffff;text-align:center;vertical-align:middle;border-top-color:#000;border-right-color:#000;border-bottom-color:#000;border-left-color:#000;border-width:1px\"><strong>\u00c9T\u00c9<\/strong><\/th><\/tr><\/thead><tbody><tr><td style=\"text-align:center;vertical-align:middle;border-top-color:#000;border-right-color:#000;border-bottom-color:#000;border-left-color:#000;border-width:1px;color:#1f214d\"><strong>ZONE C<\/strong><\/td><td style=\"text-align:center;vertical-align:middle;border-top-color:#000;border-right-color:#000;border-bottom-color:#000;border-left-color:#000;border-width:1px;color:#1f214d\"><br>18\/10\/2025<br>&#8211;<br>03\/11\/2025<br><\/td><td style=\"text-align:center;vertical-align:middle;border-top-color:#000;border-right-color:#000;border-bottom-color:#000;border-left-color:#000;border-width:1px;color:#1f214d\"><br>20\/12\/2025<br>&#8211;<br>05\/01\/2026<br><\/td><td style=\"text-align:center;vertical-align:middle;border-top-color:#000;border-right-color:#000;border-bottom-color:#000;border-left-color:#000;border-width:1px;color:#1f214d\"><br>21\/02\/2026<br>&#8211;<br>09\/02\/2026<br><\/td><td style=\"text-align:center;vertical-align:middle;border-top-color:#000;border-right-color:#000;border-bottom-color:#000;border-left-color:#000;border-width:1px;color:#1f214d\"><br>18\/04\/2026<br>&#8211;<br>04\/05\/2026<br><\/td><td style=\"text-align:center;vertical-align:middle;border-top-color:#000;border-right-color:#000;border-bottom-color:#000;border-left-color:#000;border-width:1px;color:#1f214d\"><br>04\/07\/2026<br>&#8211;<br>01\/09\/2026<br><\/td><\/tr><\/tbody><\/table>\n\n\n\n<h2 class=\"wp-block-heading\" id=\"idees-pour-les-vacances-scolaires-zone-c-2025-26db00d7-e81d-4dea-8441-846be9bd85f9\"><strong>Id\u00e9es pour les vacances scolaires zone C 2025-2026<\/strong><\/h2>\n\n\n\n<h3 class=\"wp-block-heading\" id=\"decouvrir-le-somptueux-chateau-de-versailles-avec-les-enfants-4d972428-3e4c-41d5-a0ad-fef836e4ae46\"><strong>D\u00e9couvrir le somptueux ch\u00e2teau de Versailles avec les enfants<\/strong><\/h3>\n\n\n\n<p>C\u2019est une activit\u00e9 culturelle et historique qui ne peut \u00eatre manqu\u00e9e. Lieu charg\u00e9 d\u2019histoire, le ch\u00e2teau de Versailles est une activit\u00e9 id\u00e9ale \u00e0 faire en famille pendant les vacances scolaires zone C 2025-2026. Et il y a de quoi faire ! Vous pouvez commencer par d\u00e9couvrir les magnifiques jardins qui entourent le ch\u00e2teau. Vous pouvez pr\u00e9voir plusieurs heures pour vraiment faire le tour et profiter de la nature et des belles fontaines. Pourquoi ne pas d\u00e9couvrir la galerie des carrosses tant que vous \u00eates sur place ? C\u2019est le moment d\u2019en apprendre un peu plus avec les enfants pour un moment ludique. Avec le hameau de la Reine, les \u00e9curies, l\u2019orangerie\u2026 Il faut prendre le temps de d\u00e9couvrir cet endroit incroyable. Si vous n\u2019avez pas assez de temps devant vous, vous pouvez faire profiter \u00e0 votre enfant d\u2019une <a href=\"https:\/\/juvigo.fr\/colos\/colonies-de-vacances-paris\">colonie de vacances Paris<\/a>.<\/p>\n\n\n\n<h3 class=\"wp-block-heading\" id=\"aller-voir-la-menagerie-du-jardin-des-plantes-a-paris-6a16ff6b-504a-4836-9336-0d7ec05dfc8b\"><strong>Aller voir la m\u00e9nagerie du Jardin des plantes \u00e0 Paris<\/strong><\/h3>\n\n\n\n<p>Les enfants adorent aller voir les animaux en g\u00e9n\u00e9ral. Aller au Jardin des plantes va s\u00fbrement \u00eatre une id\u00e9e qui leur pla\u00eet pour les vacances scolaires zone C 2025-2026. L\u2019acc\u00e8s est libre et c\u2019est un endroit qui change de la capitale bond\u00e9e, permettant de s\u2019\u00e9chapper de la ville et de se promener autour de plantes de toutes sortes. Avec plus de 150 esp\u00e8ces terrestres \u00e0 d\u00e9couvrir en son sein, le Jardin des plantes cache de nombreux tr\u00e9sors. En plus des animaux, il y a de magnifiques b\u00e2timents \u00e0 voir sur le chemin comme la voli\u00e8re, la fauverie, le vivarium\u2026 Pour les passionn\u00e9s d\u2019animaux qui souhaitent en apprendre plus, une <a href=\"https:\/\/juvigo.fr\/colos\/colonies-de-vacances-zoo\">colonie de vacances dans un zoo<\/a> serait l\u2019activit\u00e9 id\u00e9ale.<\/p>\n\n\n\n<h3 class=\"wp-block-heading\" id=\"visiter-le-bois-de-vincennes-pour-profiter-de-la-nature-d69ff34b-2290-4cf9-86c6-41dd37423a89\"><strong>Visiter le Bois de Vincennes pour profiter de la nature<\/strong><\/h3>\n\n\n\n<p>Pour profiter de la capitale tout en prenant un bol d\u2019air, aller se promener au bois de Vincennes est une bonne id\u00e9e pendant les vacances scolaires zone C 2025-2026. Vous aurez de l\u2019espace pour vous promener et profiter car c\u2019est le plus grand espace vert de la ville, avec ses 995 hectares. Il y en a pour tous les go\u00fbts dans ce bois avec une partie foresti\u00e8re, des espaces jardin\u00e9s, des rivi\u00e8res et plans d\u2019eau. De nombreux parcours sportifs sont mis \u00e0 disposition dans le bois pour en profiter pleinement. Vous y trouverez aussi des&nbsp; bacs \u00e0 sable, aires de jeux, balan\u00e7oires, man\u00e8ges,etc\u2026 De quoi passer un bon moment avec tout le monde ! Pour rester dans la capitale tout en d\u00e9couvrant de nouvelles choses, vous pouvez choisir une <a href=\"https:\/\/juvigo.fr\/colos\/colonies-de-vacances-val-de-marne\">colonie de vacances Val-de-Marne<\/a>.<\/p>\n\n\n\n<h3 class=\"wp-block-heading\" id=\"aller-se-balader-sur-le-canal-du-midi-pres-de-toulouse-acda956d-14e1-4cae-a596-618a07763a86\"><strong>Aller se balader sur le canal du Midi pr\u00e8s de Toulouse<\/strong><\/h3>\n\n\n\n<p>Il y a beaucoup \u00e0 d\u00e9couvrir dans la ville rose, mais aussi tout autour. Le canal du Midi relie la ville de Toulouse \u00e0 la mer M\u00e9diterran\u00e9e et a une longueur de 240 km. Il est inscrit parmi les sites du patrimoine mondial de l\u2019UNESCO depuis l\u2019ann\u00e9e 1996 et est tr\u00e8s populaire. Vous pouvez d\u00e9couvrir des endroits incontournables si vous d\u00e9cidez d\u2019aller vous y balader, que ce soit en bateau, en v\u00e9lo ou encore \u00e0 pied. Vous pouvez par exemple prendre une barque pour une demi-journ\u00e9e afin de vous promener sur le canal et revenir passer la fin de la journ\u00e9e dans la ville. Si vos enfants le souhaitent, ils peuvent d\u00e9couvrir la ville pendant une <a href=\"https:\/\/juvigo.fr\/colos\/colonies-de-vacances-toulouse\">colonie de vacances Toulouse<\/a>.<\/p>\n\n\n\n<h3 class=\"wp-block-heading\" id=\"observer-la-nature-a-la-reserve-du-mejean-pres-de-montpellier-d3750f80-b15e-4e35-8685-1e88a3e0fb40\"><strong>Observer la nature \u00e0 la r\u00e9serve du M\u00e9jean pr\u00e8s de Montpellier<\/strong><\/h3>\n\n\n\n<p>Tr\u00e8s proche de Montpellier, ce site naturel prot\u00e9g\u00e9 a plusieurs sentiers qui permettent de d\u00e9couvrir la r\u00e9serve de diff\u00e9rents points de vue. Beaucoup d\u2019animaux y trouvent refuge et nourriture et c\u2019est l\u2019endroit parfait pour observer la nature en vacances scolaires zone C 2025-2026. Chaque saison est diff\u00e9rente dans cette zone humide, ce qui permet d\u2019y voir une faune et flore changeante selon le moment choisi. Pourquoi ne pas profiter d\u2019une <a href=\"https:\/\/juvigo.fr\/colonies-de-vacances-ete\">colonie de vacances \u00e9t\u00e9<\/a> pour y observer chevaux, taureaux et flamants roses ?&nbsp;<\/p>\n\n\n\n<h2 class=\"wp-block-heading\" id=\"les-vacances-zone-c-20242025-a-la-toussaint-cc8dc971-adf3-40fa-9f06-f2f8000b0fad\"><strong>Les vacances scolaires zone C 2025-2026 \u00e0 la toussaint<\/strong><\/h2>\n\n\n\n<p>C\u2019est une p\u00e9riode particuli\u00e8re de l\u2019ann\u00e9e o\u00f9 il encore assez bon pour faire de nombreuses activit\u00e9s et moins chaud pour en profiter pleinement. Pour ceux qui sont \u00e0 la recherche de nouvelles aventures, c\u2019est le bon endroit pour gagner en inspiration. Par la suite, nous allons d\u00e9couvrir pourquoi les vacances d\u2019automne sont si sp\u00e9ciales et quelles activit\u00e9s passionnantes nous attendent pendant les vacances scolaires zone C 2025-2026.<\/p>\n\n\n\n<h3 class=\"wp-block-heading\" id=\"profiter-du-temps-pour-faire-des-randonnees-et-du-velo-cet-automne-888985d3-844f-4b9a-8d3a-c1ee4d83f380\"><strong>Profiter du temps pour faire des randonn\u00e9es et du v\u00e9lo cet automne<\/strong><\/h3>\n\n\n\n<p>L\u2019une des meilleures fa\u00e7ons de profiter de la Toussaint sont bien ces deux activit\u00e9s. Les collines, for\u00eats et rivi\u00e8res offrent de nombreux itin\u00e9raires pour les aventuriers de tout \u00e2ge et de tout niveau. Randonneur exp\u00e9riment\u00e9 ou d\u00e9butant, le sentier parfait existe pour profiter au maximum de la nature changeante et automnale. Au cours de ces randonn\u00e9es et promenades, il est possible d\u2019admirer le paysage automnal, observer les animaux dans leur habitat naturel et profiter des senteurs et bruits de la for\u00eat. Il ne faut surtout pas oublier de prendre son appareil photo pour immortaliser les belles couleurs de la saison.<\/p>\n\n\n\n<h3 class=\"wp-block-heading\" id=\"aventures-automnales-dans-les-forets-pendant-les-vacances-de-la-toussaint-91aa531c-9c58-4a36-9f5e-d438610b4fb9\"><strong>Aventures automnales dans les for\u00eats pendant les vacances de la Toussaint<\/strong><\/h3>\n\n\n\n<p>Choisir la Toussaint pour les vacances scolaires zone C 2025-2026 offrent de belles alternatives \u00e0 l\u2019\u00e9t\u00e9 et des activit\u00e9s int\u00e9ressantes. Pour ceux qui aiment profiter de l\u2019ext\u00e9rieur, il est possible de nombreuses r\u00e9serves naturelles et de faire de l\u2019escalade. Il sera possible de prendre de la hauteur, de surmonter des obstacles et de mettre son courage \u00e0 l\u2019\u00e9preuve. Pour les plus courageux, il existe une <a href=\"https:\/\/juvigo.fr\/colos\/colonies-de-vacances-accrobranche\">colonie de vacances accrobranche<\/a> pour permettre de voir la nature d\u2019un angle diff\u00e9rent tout en s\u2019amusant.<\/p>\n\n\n\n<h3 class=\"wp-block-heading\" id=\"les-plaisirs-de-la-saison-automnale-pendant-les-vacances-2025-zone-c-15278cf4-0ddf-4753-9da2-c1d653e40ebb\"><strong>Les plaisirs de la saison automnale pendant les vacances scolaires zone C 2025-2026<\/strong><\/h3>\n\n\n\n<p>L\u2019automne laisse \u00e0 la place \u00e0 des d\u00e9gustations de mets un peu plus r\u00e9confortants que la saison pass\u00e9e. C\u2019est le moment de se mettre aux soupes et de confectionner des g\u00e2teaux en tout genre. C\u2019est aussi une bonne occasion pour aller au march\u00e9 et d\u00e9couvrir les produits de saison comme les citrouilles, pommes et poires. En plus de s\u2019amuser \u00e0 faire la d\u00e9coration de la citrouille pour Halloween, il est aussi possible de la transformer en g\u00e2teau ! Tes vacances scolaires zone C 2025-2026 vont \u00eatre absolument d\u00e9licieuses.<\/p>\n\n\n\n<h3 class=\"wp-block-heading\" id=\"colonies-de-vacances-disponibles-pendant-les-vacances-de-la-toussaint-0172f3fa-2122-4735-aeda-e19b47d879f0\"><strong>Colonies de vacances disponibles pendant les vacances de la Toussaint<\/strong><\/h3>\n\n\n\n<div class=\"wp-block-columns is-layout-flex wp-container-core-columns-is-layout-1 wp-block-columns-is-layout-flex\">\n<div class=\"wp-block-column is-layout-flow wp-block-column-is-layout-flow\">\n<script>\r\n  document.addEventListener(\"DOMContentLoaded\", function () {\r\n    const today = new Date();\r\n    const currentYear = today.getFullYear();\r\n    const displayYear = (today.getMonth() >= 10) ? currentYear + 1 : currentYear;\r\n\r\n    document.querySelectorAll('.display-year').forEach(el => {\r\n      el.textContent = displayYear;\r\n    });\r\n  });\r\n<\/script>\r\n<div #2b2f6f;\" class=\"card\">\r\n\t\t\t<a  href=\"https:\/\/juvigo.fr\/colos\/colonies-vtt\" title=\"Colonies de vacances VTT\">\r\n\t\t\t\t<img decoding=\"async\" data-src=\"https:\/\/juvigo.fr\/assets\/img\/category\/colonies-vtt-small.jpg\" src=\"data:image\/gif;base64,R0lGODlhAQABAAAAACH5BAEKAAEALAAAAAABAAEAAAICTAEAOw==\" class=\"lazyload\" \/>\r\n\t\t\t<\/a>\r\n\t\t\t<div class=\"card-content\">\r\n               <div class=\"title-wrapper\">\r\n                  <br><a  href=\"https:\/\/juvigo.fr\/colos\/colonies-vtt\" title=\"Colonies de vacances VTT\"><center><h4><p class=\"camp-title\">Colonies de vacances VTT <span class=\"display-year\"><\/span><\/p><\/h4><\/center><\/a>\r\n            <\/div>\r\n\t\t\t\t<div class=\"content-text\">\r\n\t\t\t\t\t<p class=\"region-info par\">\r\n                                              <center>Tous les camps en <span class=\"display-year\"><\/span> chez Juvigo !<\/center>\r\n                      <\/p>\r\n\t\t\t\t<\/div>\r\n\t\t\t<\/div>\r\n\t\t\t<span style=\"font-family:Quicksand\"><a href=\"https:\/\/juvigo.fr\/colos\/colonies-vtt\" title=\"Colonies de vacances VTT\"><button class=\"btn btn-yellow card-btn col-md-12\">voir nos offres<\/button><\/a><\/span>\r\n\t\t<\/div>\r\n\t\t<br>\r\n\r\n<!--style=\"border:1px border-radius:25px solid-->\r\n  \r\n<!-- Die Kategorie-Karten m\u00fcssen noch weiter ausgebaut werden-->\n<\/div>\n\n\n\n<div class=\"wp-block-column is-layout-flow wp-block-column-is-layout-flow\">\n<script>\r\n  document.addEventListener(\"DOMContentLoaded\", function () {\r\n    const today = new Date();\r\n    const currentYear = today.getFullYear();\r\n    const displayYear = (today.getMonth() >= 10) ? currentYear + 1 : currentYear;\r\n\r\n    document.querySelectorAll('.display-year').forEach(el => {\r\n      el.textContent = displayYear;\r\n    });\r\n  });\r\n<\/script>\r\n<div #2b2f6f;\" class=\"card\">\r\n\t\t\t<a  href=\"https:\/\/juvigo.fr\/colos\/colonies-de-vacances-escalade\" title=\"Colonies de vacances escalade\">\r\n\t\t\t\t<img decoding=\"async\" data-src=\"https:\/\/juvigo.fr\/assets\/img\/category\/colonies-de-vacances-escalade-small.jpg\" src=\"data:image\/gif;base64,R0lGODlhAQABAAAAACH5BAEKAAEALAAAAAABAAEAAAICTAEAOw==\" class=\"lazyload\" \/>\r\n\t\t\t<\/a>\r\n\t\t\t<div class=\"card-content\">\r\n               <div class=\"title-wrapper\">\r\n                  <br><a  href=\"https:\/\/juvigo.fr\/colos\/colonies-de-vacances-escalade\" title=\"Colonies de vacances escalade\"><center><h4><p class=\"camp-title\">Colonies de vacances escalade <span class=\"display-year\"><\/span><\/p><\/h4><\/center><\/a>\r\n            <\/div>\r\n\t\t\t\t<div class=\"content-text\">\r\n\t\t\t\t\t<p class=\"region-info par\">\r\n                                              <center>Tous les camps en <span class=\"display-year\"><\/span> chez Juvigo !<\/center>\r\n                      <\/p>\r\n\t\t\t\t<\/div>\r\n\t\t\t<\/div>\r\n\t\t\t<span style=\"font-family:Quicksand\"><a href=\"https:\/\/juvigo.fr\/colos\/colonies-de-vacances-escalade\" title=\"Colonies de vacances escalade\"><button class=\"btn btn-yellow card-btn col-md-12\">voir nos offres<\/button><\/a><\/span>\r\n\t\t<\/div>\r\n\t\t<br>\r\n\r\n<!--style=\"border:1px border-radius:25px solid-->\r\n  \r\n<!-- Die Kategorie-Karten m\u00fcssen noch weiter ausgebaut werden-->\n<\/div>\n<\/div>\n\n\n\n<h2 class=\"wp-block-heading\" id=\"les-vacances-zone-c-2025-pour-noel-e599520e-6c25-4181-8b5d-4de8a817d10f\"><strong>Les vacances scolaires zone C 2025-2026 pour No\u00ebl<\/strong><\/h2>\n\n\n\n<p>Le d\u00e9but des vacances s\u2019annoncent f\u00e9erique, un jour avant la veille de No\u00ebl. C\u2019est le moment parfait pour vivre la magie des f\u00eates pendant les vacances scolaires zone C 2025-2026. Le mois de d\u00e9cembre est rempli de magie et merveilles hivernales qui n\u2019attendent que toi. Nous allons pouvoir voir ensemble quelles activit\u00e9s sont possibles durant les vacances de No\u00ebl avec Juvigo.<\/p>\n\n\n\n<h3 class=\"wp-block-heading\" id=\"marches-de-noel-et-ambiance-festive-pendant-les-vacances-scolaires-2025-zone-c-326407e2-0c18-4691-bafd-4bc0a8691cf8\"><strong>March\u00e9s de No\u00ebl et ambiance festive pendant les vacances scolaires zone C 2025-2026<\/strong><\/h3>\n\n\n\n<p>Les march\u00e9s de No\u00ebl sont d\u00e9finitivement le moment le plus attendu en d\u00e9cembre. C\u2019est le point fort de la saison et cela fait envie aux petits et aux grands. On peut y trouver des stands pour trouver des cadeaux pour ses proches ou encore des plats pour se r\u00e9chauffer en plein hiver. Avec la musique festive et l\u2019odeur de vin chaud dans l\u2019air, il n\u2019y a pas meilleur moment pour profiter et f\u00eater ensemble la fin de l\u2019ann\u00e9e. Il y a \u00e9galement de nombreux \u00e9v\u00e9nements festifs \u00e0 cette p\u00e9riode de l\u2019ann\u00e9e qui en mettent plein les yeux. Ce n\u2019est pas pour rien que c\u2019est la p\u00e9riode pr\u00e9f\u00e9r\u00e9e de nombreux enfants !<\/p>\n\n\n\n<h3 class=\"wp-block-heading\" id=\"patinage-sur-glace-et-autres-plaisirs-de-lhiver-pendant-les-vacances-de-noel-e00c4cd3-1ee6-459d-a011-42d673cae4bc\"><strong>Patinage sur glace et autres plaisirs de l\u2019hiver pendant les vacances de No\u00ebl<\/strong><\/h3>\n\n\n\n<p>Pour se d\u00e9penser pendant la p\u00e9riode hivernale, il y a de nombreuses possibilit\u00e9s de s\u2019amuser et profiter de la neige. Il est possible de visiter des patinoires ou encore grimper sur une luge pour d\u00e9valer les collines. C\u2019est vraiment une joie hivernale \u00e0 l\u2019\u00e9tat pur qui est possible pendant les vacances scolaires zone C 2025-2026. En plus de cela, une attraction unique fait son chemin durant cette p\u00e9riode de l\u2019ann\u00e9e, le P\u00e8re No\u00ebl ! Un peu partout, on peut voir le P\u00e8re No\u00ebl, le rencontrer et lui faire part de sa liste de cadeaux avec une photo souvenir \u00e0 la cl\u00e9. C\u2019est une exp\u00e9rience unique et immanquable pour se mettre dans l\u2019ambiance de No\u00ebl.&nbsp;<\/p>\n\n\n\n<h3 class=\"wp-block-heading\" id=\"delicieux-repas-pour-les-fetes-et-mets-festifs-en-vacances-scolaires-zone-c-2024-2025-cedc7503-c1f1-4289-bada-772b295627af\"><strong>D\u00e9licieux repas pour les f\u00eates et mets festifs en vacances scolaires zone C 2025-2026<\/strong><\/h3>\n\n\n\n<p>Les vacances de No\u00ebl riment aussi avec repas de famille et d\u00e9licieux repas festifs. Pouvoir go\u00fbter aux plats traditionnels comme la dinde farcie ou la b\u00fbche de No\u00ebl a une saveur magique. On ne peut pas oublier les fameuses truffes et les chocolats en tout genre pour finir le repas sur une touche sucr\u00e9e et chocolat\u00e9e. La France est connue pour ses nombreux plats durant la p\u00e9riode festive qui vont ravir les papilles de tout le monde. Il sera possible de d\u00e9couvrir cela pendant les vacances scolaires zone C 2025-2026.<\/p>\n\n\n\n<h3 class=\"wp-block-heading\" id=\"les-colonies-de-vacances-durant-les-vacances-de-noel-20242025-f0f24f92-dd74-47b4-83d1-4c6124c1f0e9\"><strong>Les colonies de vacances durant les vacances scolaires zone C 2025-2026<\/strong> <strong>\u00e0 No\u00ebl 2024-2025<\/strong><\/h3>\n\n\n\n<div class=\"wp-block-columns is-layout-flex wp-container-core-columns-is-layout-2 wp-block-columns-is-layout-flex\">\n<div class=\"wp-block-column is-layout-flow wp-block-column-is-layout-flow\">\n<script>\r\n  document.addEventListener(\"DOMContentLoaded\", function () {\r\n    const today = new Date();\r\n    const currentYear = today.getFullYear();\r\n    const displayYear = (today.getMonth() >= 10) ? currentYear + 1 : currentYear;\r\n\r\n    document.querySelectorAll('.display-year').forEach(el => {\r\n      el.textContent = displayYear;\r\n    });\r\n  });\r\n<\/script>\r\n<div #2b2f6f;\" class=\"card\">\r\n\t\t\t<a  href=\"https:\/\/juvigo.fr\/colos\/colonies-de-vacances-noel\" title=\"Colonies de vacances No\u00ebl\">\r\n\t\t\t\t<img decoding=\"async\" data-src=\"https:\/\/juvigo.fr\/assets\/img\/category\/colonies-de-vacances-noel-small.jpg\" src=\"data:image\/gif;base64,R0lGODlhAQABAAAAACH5BAEKAAEALAAAAAABAAEAAAICTAEAOw==\" class=\"lazyload\" \/>\r\n\t\t\t<\/a>\r\n\t\t\t<div class=\"card-content\">\r\n               <div class=\"title-wrapper\">\r\n                  <br><a  href=\"https:\/\/juvigo.fr\/colos\/colonies-de-vacances-noel\" title=\"Colonies de vacances No\u00ebl\"><center><h4><p class=\"camp-title\">Colonies de vacances No\u00ebl <span class=\"display-year\"><\/span><\/p><\/h4><\/center><\/a>\r\n            <\/div>\r\n\t\t\t\t<div class=\"content-text\">\r\n\t\t\t\t\t<p class=\"region-info par\">\r\n                                              <center>Tous les camps en <span class=\"display-year\"><\/span> chez Juvigo !<\/center>\r\n                      <\/p>\r\n\t\t\t\t<\/div>\r\n\t\t\t<\/div>\r\n\t\t\t<span style=\"font-family:Quicksand\"><a href=\"https:\/\/juvigo.fr\/colos\/colonies-de-vacances-noel\" title=\"Colonies de vacances No\u00ebl\"><button class=\"btn btn-yellow card-btn col-md-12\">voir nos offres<\/button><\/a><\/span>\r\n\t\t<\/div>\r\n\t\t<br>\r\n\r\n<!--style=\"border:1px border-radius:25px solid-->\r\n  \r\n<!-- Die Kategorie-Karten m\u00fcssen noch weiter ausgebaut werden-->\n<\/div>\n\n\n\n<div class=\"wp-block-column is-layout-flow wp-block-column-is-layout-flow\">\n<script>\r\n  document.addEventListener(\"DOMContentLoaded\", function () {\r\n    const today = new Date();\r\n    const currentYear = today.getFullYear();\r\n    const displayYear = (today.getMonth() >= 10) ? currentYear + 1 : currentYear;\r\n\r\n    document.querySelectorAll('.display-year').forEach(el => {\r\n      el.textContent = displayYear;\r\n    });\r\n  });\r\n<\/script>\r\n<div #2b2f6f;\" class=\"card\">\r\n\t\t\t<a  href=\"https:\/\/juvigo.fr\/colonies-de-vacances-hiver\" title=\"Colonies de vacances hiver\">\r\n\t\t\t\t<img decoding=\"async\" data-src=\"https:\/\/juvigo.fr\/assets\/img\/supercategory\/colonies-de-vacances-hiver-large.jpg\" src=\"data:image\/gif;base64,R0lGODlhAQABAAAAACH5BAEKAAEALAAAAAABAAEAAAICTAEAOw==\" class=\"lazyload\" \/>\r\n\t\t\t<\/a>\r\n\t\t\t<div class=\"card-content\">\r\n               <div class=\"title-wrapper\">\r\n                  <br><a href=\"https:\/\/juvigo.fr\/colonies-de-vacances-hiver\" title=\"Colonies de vacances hiver\"><center><h4><p class=\"camp-title\">Colonies de vacances hiver <span class=\"display-year\"><\/span><\/p><\/h4><\/center><\/a>\r\n            <\/div>\r\n\t\t\t\t<div class=\"content-text\">\r\n\t\t\t\t\t<p class=\"region-info par\">\r\n                                              <center>Tous les camps en <span class=\"display-year\"><\/span> chez Juvigo !<\/center>\r\n                      <\/p>\r\n\t\t\t\t<\/div>\r\n\t\t\t<\/div>\r\n\t\t\t<span style=\"font-family:Quicksand\"><a href=\"https:\/\/juvigo.fr\/colonies-de-vacances-hiver\" title=\"Colonies de vacances hiver\"><button class=\"btn btn-yellow card-btn col-md-12\">voir nos offres<\/button><\/a><\/span>\r\n\t\t<\/div>\r\n\t\t<br>\r\n\r\n<!--style=\"border:1px border-radius:25px solid-->\r\n  \r\n<!-- Die Kategorie-Karten m\u00fcssen noch weiter ausgebaut werden-->\n<\/div>\n<\/div>\n\n\n\n<h2 class=\"wp-block-heading\" id=\"les-vacances-scolaires-2025-zone-c-en-hiver-58d9e963-300d-4b2a-880a-162e52a50d72\"><strong>Les vacances scolaires zone C 2025-2026 en hiver<\/strong><\/h2>\n\n\n\n<p>Durant cette p\u00e9riode particuli\u00e8re, le pays gagne en froid et il faut s\u2019adapter \u00e0 des temp\u00e9ratures plus basses qu\u2019\u00e0 l\u2019habitude. Selon la localisation choisie, vous pouvez vous retrouver dans un pays magique entour\u00e9 d\u2019une ambiance hivernale. Nous pouvons vous emmener dans un voyage pour d\u00e9couvrir les vacances d\u2019hiver en zone C.<\/p>\n\n\n\n<h3 class=\"wp-block-heading\" id=\"la-magie-hivernale-pendant-les-vacances-scolaires-2025-zone-c-aca35a52-da30-435b-b0f8-d0e2dfe0ab09\"><strong>La magie hivernale pendant les vacances scolaires zone C 2025-2026<\/strong><\/h3>\n\n\n\n<p>Les vacances d\u2019hiver sont souvent tr\u00e8s magiques car elles am\u00e8nent avec elles le froid et un paysage enneig\u00e9 dans certaines r\u00e9gions. Pour pouvoir profiter de ce paysage de conte de f\u00e9es, il vous faut bien vous couvrir. Avec son beau manteau blanc, le paysage scintille et en fait r\u00eaver plus d\u2019un. Les arbres enneig\u00e9s, l\u2019air pur glacial et le silence de l\u2019hiver sont une vision unique. La nature r\u00e9v\u00e8le sa beaut\u00e9 hivernale et nous sommes invit\u00e9s \u00e0 participer \u00e0 ce magnifique spectacle.<\/p>\n\n\n\n<h3 class=\"wp-block-heading\" id=\"aller-faire-du-ski-et-du-snowboard-pendant-les-vacances-dhiver-d550abc1-8ac6-4a1a-a4f4-d1f9766ef2ae\"><strong>Aller faire du ski et du snowboard pendant les vacances d\u2019hiver<\/strong><\/h3>\n\n\n\n<p>Si vous adorez les sports d\u2019hiver, ces vacances zone C 2025-2026 seront un moment paradisiaque. De nombreuses r\u00e9gions en France offrent une multitude de domaines skiables pour les d\u00e9butants comme les skieurs confirm\u00e9s. Les enfants pourront d\u00e9valer les pistes, faire des figures et ressentir une certaine adr\u00e9naline tout en profitant des paysages hivernaux \u00e0 couper le souffle. Cela ressemble \u00e0 des vacances scolaires zone C 2025-2026 qui vont \u00eatre inoubliables.<\/p>\n\n\n\n<h3 class=\"wp-block-heading\" id=\"se-promener-dans-le-paysage-hivernal-pendant-les-vacances-dhiver-2025-741c3167-64cd-4bee-989c-faa148094ea8\"><strong>Se promener dans le paysage hivernal pendant les vacances d\u2019hiver en zone C 2025-2026<\/strong><\/h3>\n\n\n\n<p>Les paysages d\u2019hiver offrent un cadre idyllique pour tous ceux qui aiment la randonn\u00e9e et les promenades dans la nature. C\u2019est le moment d\u2019enfiler des chaussures bien chaudes pour aller explorer les sentiers pittoresques, for\u00eats et lacs gel\u00e9s. Pour vivre une exp\u00e9rience encore plus unique, il est possible de louer des raquettes pour aller s\u2019aventurer sur d\u2019autres sentiers en pleine nature.<\/p>\n\n\n\n<h3 class=\"wp-block-heading\" id=\"les-colonies-de-vacances-pendant-les-vacances-dhivernbsp-a26b6151-edb5-4f4e-a403-3cce3288c880\"><strong>Les colonies de vacances pendant les vacances d\u2019hiver&nbsp;<\/strong><\/h3>\n\n\n\n<div class=\"wp-block-columns is-layout-flex wp-container-core-columns-is-layout-3 wp-block-columns-is-layout-flex\">\n<div class=\"wp-block-column is-layout-flow wp-block-column-is-layout-flow\">\n<script>\r\n  document.addEventListener(\"DOMContentLoaded\", function () {\r\n    const today = new Date();\r\n    const currentYear = today.getFullYear();\r\n    const displayYear = (today.getMonth() >= 10) ? currentYear + 1 : currentYear;\r\n\r\n    document.querySelectorAll('.display-year').forEach(el => {\r\n      el.textContent = displayYear;\r\n    });\r\n  });\r\n<\/script>\r\n<div #2b2f6f;\" class=\"card\">\r\n\t\t\t<a  href=\"https:\/\/juvigo.fr\/colos\/colonies-ski-enfants\" title=\"Colonies ski enfants\">\r\n\t\t\t\t<img decoding=\"async\" data-src=\"https:\/\/juvigo.fr\/assets\/img\/category\/colonies-ski-enfants-small.jpg\" src=\"data:image\/gif;base64,R0lGODlhAQABAAAAACH5BAEKAAEALAAAAAABAAEAAAICTAEAOw==\" class=\"lazyload\" \/>\r\n\t\t\t<\/a>\r\n\t\t\t<div class=\"card-content\">\r\n               <div class=\"title-wrapper\">\r\n                  <br><a  href=\"https:\/\/juvigo.fr\/colos\/colonies-ski-enfants\" title=\"Colonies ski enfants\"><center><h4><p class=\"camp-title\">Colonies ski enfants <span class=\"display-year\"><\/span><\/p><\/h4><\/center><\/a>\r\n            <\/div>\r\n\t\t\t\t<div class=\"content-text\">\r\n\t\t\t\t\t<p class=\"region-info par\">\r\n                                              <center>Tous les camps en <span class=\"display-year\"><\/span> chez Juvigo !<\/center>\r\n                      <\/p>\r\n\t\t\t\t<\/div>\r\n\t\t\t<\/div>\r\n\t\t\t<span style=\"font-family:Quicksand\"><a href=\"https:\/\/juvigo.fr\/colos\/colonies-ski-enfants\" title=\"Colonies ski enfants\"><button class=\"btn btn-yellow card-btn col-md-12\">voir nos offres<\/button><\/a><\/span>\r\n\t\t<\/div>\r\n\t\t<br>\r\n\r\n<!--style=\"border:1px border-radius:25px solid-->\r\n  \r\n<!-- Die Kategorie-Karten m\u00fcssen noch weiter ausgebaut werden-->\n<\/div>\n\n\n\n<div class=\"wp-block-column is-layout-flow wp-block-column-is-layout-flow\">\n<script>\r\n  document.addEventListener(\"DOMContentLoaded\", function () {\r\n    const today = new Date();\r\n    const currentYear = today.getFullYear();\r\n    const displayYear = (today.getMonth() >= 10) ? currentYear + 1 : currentYear;\r\n\r\n    document.querySelectorAll('.display-year').forEach(el => {\r\n      el.textContent = displayYear;\r\n    });\r\n  });\r\n<\/script>\r\n<div #2b2f6f;\" class=\"card\">\r\n\t\t\t<a  href=\"https:\/\/juvigo.fr\/colos\/colonies-de-vacances-ski-ado\" title=\"Colonies de vacances ski ado\">\r\n\t\t\t\t<img decoding=\"async\" data-src=\"https:\/\/juvigo.fr\/assets\/img\/category\/colonies-de-vacances-ski-ado-small.jpg\" src=\"data:image\/gif;base64,R0lGODlhAQABAAAAACH5BAEKAAEALAAAAAABAAEAAAICTAEAOw==\" class=\"lazyload\" \/>\r\n\t\t\t<\/a>\r\n\t\t\t<div class=\"card-content\">\r\n               <div class=\"title-wrapper\">\r\n                  <br><a  href=\"https:\/\/juvigo.fr\/colos\/colonies-de-vacances-ski-ado\" title=\"Colonies de vacances ski ado\"><center><h4><p class=\"camp-title\">Colonies de vacances ski ado <span class=\"display-year\"><\/span><\/p><\/h4><\/center><\/a>\r\n            <\/div>\r\n\t\t\t\t<div class=\"content-text\">\r\n\t\t\t\t\t<p class=\"region-info par\">\r\n                                              <center>Tous les camps en <span class=\"display-year\"><\/span> chez Juvigo !<\/center>\r\n                      <\/p>\r\n\t\t\t\t<\/div>\r\n\t\t\t<\/div>\r\n\t\t\t<span style=\"font-family:Quicksand\"><a href=\"https:\/\/juvigo.fr\/colos\/colonies-de-vacances-ski-ado\" title=\"Colonies de vacances ski ado\"><button class=\"btn btn-yellow card-btn col-md-12\">voir nos offres<\/button><\/a><\/span>\r\n\t\t<\/div>\r\n\t\t<br>\r\n\r\n<!--style=\"border:1px border-radius:25px solid-->\r\n  \r\n<!-- Die Kategorie-Karten m\u00fcssen noch weiter ausgebaut werden-->\n<\/div>\n<\/div>\n\n\n\n<h2 class=\"wp-block-heading\" id=\"les-vacances-de-paques-pour-les-vacances-zone-c-2025-b23cb272-5091-413a-8e04-6dd41a603bab\"><strong>Les vacances de P\u00e2ques pour les vacances scolaires zone C 2025-2026<\/strong><\/h2>\n\n\n\n<p>C\u2019est le moment id\u00e9al pour s\u2019\u00e9vader du quotidien et profiter des derni\u00e8res vacances avant l\u2019\u00e9t\u00e9 pour d\u00e9couvrir la beaut\u00e9 du printemps qui arrive. A cette p\u00e9riode de l\u2019ann\u00e9e, le pays se transforme en un endroit fleuri et bourgeonnant. C\u2019est le moment de d\u00e9couvrir ce qui rend ces vacances zone C 2025-2026 si sp\u00e9ciales.<\/p>\n\n\n\n<h3 class=\"wp-block-heading\" id=\"le-moment-de-decouvrir-un-paysage-en-fleur-a-paques-063055d6-59e4-42d7-810f-b1311f23093c\"><strong>Le moment de d\u00e9couvrir un paysage en fleur \u00e0 P\u00e2ques<\/strong><\/h3>\n\n\n\n<p>Le printemps en \u00e9merveille plus d\u2019un avec la nature qui se r\u00e9veille de son sommeil hivernal. Les jours froids de l\u2019hiver font place \u00e0 des couleurs joyeuses et des paysages fleuris et verdoyants. On commence \u00e0 entendre le bruit des oiseaux et sentir le parfum des fleurs. Cette saison est comme un renouveau, c\u2019est pour cela qu\u2019elle est g\u00e9n\u00e9ralement tr\u00e8s appr\u00e9ci\u00e9e de tous. Si tu aimes la nature, c\u2019est le moment parfait pour profiter de la splendeur du printemps. De nombreuses possibilit\u00e9s s\u2019offrent \u00e0 nous durant cette p\u00e9riode. Par exemple, il est possible d\u2019aller visiter un jardin botanique pour admirer une multitude de fleurs et de plantes. On peut aussi profiter d\u2019une randonn\u00e9e dans la for\u00eat pour observer les premi\u00e8res fleurs sauvages qui se frayent un chemin \u00e0 travers les feuillages.<\/p>\n\n\n\n<h3 class=\"wp-block-heading\" id=\"chasse-aux-oeufs-et-coutumes-de-paques-pendant-les-vacances-scolaires-2024-et-2025-zone-c-d00c7958-b14b-4ebb-ba87-fdbf622c603a\"><strong>Chasse aux oeufs et coutumes de P\u00e2ques pendant les vacances scolaires zone C 2025-2026<\/strong><\/h3>\n\n\n\n<p>C\u2019est le bon moment pour d\u00e9couvrir les coutumes traditionnelles pour les f\u00eates de P\u00e2ques. Pour beaucoup, cette f\u00eate est synonyme de chocolats, mais pas que ! On peut aller se promener dans les march\u00e9s qui offrent toutes sortes de d\u00e9lices li\u00e9s \u00e0 la f\u00eate pascale. C\u2019est aussi une tr\u00e8s bonne occasion pour se r\u00e9unir en famille ou entre amis pour f\u00eater le printemps et l\u2019arriv\u00e9e de la belle saison.<\/p>\n\n\n\n<h3 class=\"wp-block-heading\" id=\"visiter-les-parcs-dattractions-et-les-parcs-animaliers-pendant-les-vacances-de-paques-cafe460a-50f6-4f5f-b429-b1ee9c3274ce\"><strong>Visiter les parcs d\u2019attractions et les parcs animaliers pendant les vacances de P\u00e2ques<\/strong><\/h3>\n\n\n\n<p>Le printemps annonce aussi la r\u00e9ouverture de nombreux parcs en tout genre. C\u2019est le moment id\u00e9al pour aller d\u00e9couvrir des parcs d\u2019attractions pour y faire des montagnes russes et passer de bons moments avec ses proches. De nombreux parcs animaliers et zoos ouvrent aussi leurs portes \u00e0 nouveau avec le retour des beaux jours. C\u2019est l\u2019activit\u00e9 parfaite pour une journ\u00e9e en famille durant les vacances scolaires 2025 zone C. Vous pourrez y observer des animaux du monde entier tout en profitant de la nature qui reprend ses esprits apr\u00e8s l\u2019hiver.<\/p>\n\n\n\n<h3 class=\"wp-block-heading\" id=\"les-colonies-de-vacances-pour-paques-2025-en-zone-c-1807b51a-ef49-49db-8fa0-86a1a214a70d\"><strong>Les colonies de vacances pour P\u00e2ques <\/strong>en zone C 2025-2026<\/h3>\n\n\n\n<div class=\"wp-block-columns is-layout-flex wp-container-core-columns-is-layout-4 wp-block-columns-is-layout-flex\">\n<div class=\"wp-block-column is-layout-flow wp-block-column-is-layout-flow\">\n<script>\r\n  document.addEventListener(\"DOMContentLoaded\", function () {\r\n    const today = new Date();\r\n    const currentYear = today.getFullYear();\r\n    const displayYear = (today.getMonth() >= 10) ? currentYear + 1 : currentYear;\r\n\r\n    document.querySelectorAll('.display-year').forEach(el => {\r\n      el.textContent = displayYear;\r\n    });\r\n  });\r\n<\/script>\r\n<div #2b2f6f;\" class=\"card\">\r\n\t\t\t<a  href=\"https:\/\/juvigo.fr\/colos\/colonies-paques\" title=\"Colonies P\u00e2ques\">\r\n\t\t\t\t<img decoding=\"async\" data-src=\"https:\/\/juvigo.fr\/assets\/img\/category\/colonies-paques-small.jpg\" src=\"data:image\/gif;base64,R0lGODlhAQABAAAAACH5BAEKAAEALAAAAAABAAEAAAICTAEAOw==\" class=\"lazyload\" \/>\r\n\t\t\t<\/a>\r\n\t\t\t<div class=\"card-content\">\r\n               <div class=\"title-wrapper\">\r\n                  <br><a  href=\"https:\/\/juvigo.fr\/colos\/colonies-paques\" title=\"Colonies P\u00e2ques\"><center><h4><p class=\"camp-title\">Colonies P\u00e2ques <span class=\"display-year\"><\/span><\/p><\/h4><\/center><\/a>\r\n            <\/div>\r\n\t\t\t\t<div class=\"content-text\">\r\n\t\t\t\t\t<p class=\"region-info par\">\r\n                                              <center>Tous les camps en <span class=\"display-year\"><\/span> chez Juvigo !<\/center>\r\n                      <\/p>\r\n\t\t\t\t<\/div>\r\n\t\t\t<\/div>\r\n\t\t\t<span style=\"font-family:Quicksand\"><a href=\"https:\/\/juvigo.fr\/colos\/colonies-paques\" title=\"Colonies P\u00e2ques\"><button class=\"btn btn-yellow card-btn col-md-12\">voir nos offres<\/button><\/a><\/span>\r\n\t\t<\/div>\r\n\t\t<br>\r\n\r\n<!--style=\"border:1px border-radius:25px solid-->\r\n  \r\n<!-- Die Kategorie-Karten m\u00fcssen noch weiter ausgebaut werden-->\n<\/div>\n\n\n\n<div class=\"wp-block-column is-layout-flow wp-block-column-is-layout-flow\">\n<script>\r\n  document.addEventListener(\"DOMContentLoaded\", function () {\r\n    const today = new Date();\r\n    const currentYear = today.getFullYear();\r\n    const displayYear = (today.getMonth() >= 10) ? currentYear + 1 : currentYear;\r\n\r\n    document.querySelectorAll('.display-year').forEach(el => {\r\n      el.textContent = displayYear;\r\n    });\r\n  });\r\n<\/script>\r\n<div #2b2f6f;\" class=\"card\">\r\n\t\t\t<a  href=\"https:\/\/juvigo.fr\/colos\/colonies-parcs-attractions\" title=\"Colonies de vacances parcs d'attractions\">\r\n\t\t\t\t<img decoding=\"async\" data-src=\"https:\/\/juvigo.fr\/assets\/img\/category\/colonies-parcs-attractions-small.jpg\" src=\"data:image\/gif;base64,R0lGODlhAQABAAAAACH5BAEKAAEALAAAAAABAAEAAAICTAEAOw==\" class=\"lazyload\" \/>\r\n\t\t\t<\/a>\r\n\t\t\t<div class=\"card-content\">\r\n               <div class=\"title-wrapper\">\r\n                  <br><a  href=\"https:\/\/juvigo.fr\/colos\/colonies-parcs-attractions\" title=\"Colonies de vacances parcs d'attractions\"><center><h4><p class=\"camp-title\">Colonies de vacances parcs d'attractions <span class=\"display-year\"><\/span><\/p><\/h4><\/center><\/a>\r\n            <\/div>\r\n\t\t\t\t<div class=\"content-text\">\r\n\t\t\t\t\t<p class=\"region-info par\">\r\n                                              <center>Tous les camps en <span class=\"display-year\"><\/span> chez Juvigo !<\/center>\r\n                      <\/p>\r\n\t\t\t\t<\/div>\r\n\t\t\t<\/div>\r\n\t\t\t<span style=\"font-family:Quicksand\"><a href=\"https:\/\/juvigo.fr\/colos\/colonies-parcs-attractions\" title=\"Colonies de vacances parcs d'attractions\"><button class=\"btn btn-yellow card-btn col-md-12\">voir nos offres<\/button><\/a><\/span>\r\n\t\t<\/div>\r\n\t\t<br>\r\n\r\n<!--style=\"border:1px border-radius:25px solid-->\r\n  \r\n<!-- Die Kategorie-Karten m\u00fcssen noch weiter ausgebaut werden-->\n<\/div>\n<\/div>\n\n\n\n<p><br>Si vous souhaitez voir toutes les vacances scolaires, vous pouvez aller consulter notre article sur le <strong><a href=\"https:\/\/juvigo.fr\/magazine\/astuces\/vacances-scolaires\/vacances-scolaires-2023-2024\/\">calendrier des vacances scolaires<\/a><\/strong>. Vous pouvez aussi aller voir notre offre de <a href=\"https:\/\/juvigo.fr\/colonies-de-vacances\">colonies de vacances<\/a> sur juvigo.fr ou bien nous contacter par mail au <strong><a href=\"mailto:contact@juvigo.fr\">contact@juvigo.fr<\/a><\/strong> ou par t\u00e9l\u00e9phone au <strong><a href=\"tel:+33186655401\">01 86 65 54 01<\/a><\/strong>.<\/p>\n","protected":false},"excerpt":{"rendered":"<p>Les dates de vacances scolaires zone C 2025-2026 Pour mieux pr\u00e9parer les vacances scolaire zone C 2025-2026 il te faut conna\u00eetre les p\u00e9riodes de vacances scolaires. Pour ceux qui ne le sauraient pas, la zone C concerne les acad\u00e9mies de Cr\u00e9teil, Montpellier, Paris, Toulouse et Versailles. Voici donc les dates vacances scolaires 2025 zone C [&hellip;]<\/p>\n","protected":false},"author":26,"featured_media":9021,"comment_status":"open","ping_status":"closed","sticky":false,"template":"","format":"standard","meta":{"advgb_blocks_editor_width":"","advgb_blocks_columns_visual_guide":"","footnotes":"","_links_to":"","_links_to_target":""},"categories":[491],"table_tags":[],"class_list":["post-8998","post","type-post","status-publish","format-standard","has-post-thumbnail","hentry","category-vacances-scolaires"],"yoast_head":"<!-- This site is optimized with the Yoast SEO plugin v24.8.1 - https:\/\/yoast.com\/wordpress\/plugins\/seo\/ -->\n<title>Les vacances scolaire zone C 2025-2026 - Juvigo Magazine<\/title>\n<meta name=\"description\" content=\"Pour les vacances scolaire zone C 2025-2026, de nombreuses possibilit\u00e9s t\u2019attendent en termes de colonies de vacances avec Juvigo.\" \/>\n<meta name=\"robots\" content=\"index, follow, max-snippet:-1, max-image-preview:large, max-video-preview:-1\" \/>\n<link rel=\"canonical\" href=\"https:\/\/juvigo.fr\/magazine\/astuces\/vacances-scolaires\/les-vacances-scolaire-zone-c\/\" \/>\n<meta property=\"og:locale\" content=\"fr_FR\" \/>\n<meta property=\"og:type\" content=\"article\" \/>\n<meta property=\"og:title\" content=\"Les vacances scolaire zone C 2025-2026 - Juvigo Magazine\" \/>\n<meta property=\"og:description\" content=\"Pour les vacances scolaire zone C 2025-2026, de nombreuses possibilit\u00e9s t\u2019attendent en termes de colonies de vacances avec Juvigo.\" \/>\n<meta property=\"og:url\" content=\"https:\/\/juvigo.fr\/magazine\/astuces\/vacances-scolaires\/les-vacances-scolaire-zone-c\/\" \/>\n<meta property=\"og:site_name\" content=\"Magazine\" \/>\n<meta property=\"article:publisher\" content=\"https:\/\/de-de.facebook.com\/meinjuvigo\" \/>\n<meta property=\"article:published_time\" content=\"2023-10-27T13:58:54+00:00\" \/>\n<meta property=\"article:modified_time\" content=\"2025-09-25T16:19:01+00:00\" \/>\n<meta property=\"og:image\" content=\"https:\/\/juvigo.fr\/magazine\/wp-content\/uploads\/2023\/10\/6A1D8AC5-C2ED-4AA8-B661-160EC380D011_1_201_a-e1699519877574.jpeg\" \/>\n\t<meta property=\"og:image:width\" content=\"525\" \/>\n\t<meta property=\"og:image:height\" content=\"296\" \/>\n\t<meta property=\"og:image:type\" content=\"image\/jpeg\" \/>\n<meta name=\"author\" content=\"Johanna Dambreville\" \/>\n<meta name=\"twitter:card\" content=\"summary_large_image\" \/>\n<meta name=\"twitter:creator\" content=\"@meinjuvigo\" \/>\n<meta name=\"twitter:site\" content=\"@meinjuvigo\" \/>\n<meta name=\"twitter:label1\" content=\"Written by\" \/>\n\t<meta name=\"twitter:data1\" content=\"Johanna Dambreville\" \/>\n\t<meta name=\"twitter:label2\" content=\"Est. reading time\" \/>\n\t<meta name=\"twitter:data2\" content=\"11 minutes\" \/>\n<script type=\"application\/ld+json\" class=\"yoast-schema-graph\">{\"@context\":\"https:\/\/schema.org\",\"@graph\":[{\"@type\":\"Article\",\"@id\":\"https:\/\/juvigo.fr\/magazine\/astuces\/vacances-scolaires\/les-vacances-scolaire-zone-c\/#article\",\"isPartOf\":{\"@id\":\"https:\/\/juvigo.fr\/magazine\/astuces\/vacances-scolaires\/les-vacances-scolaire-zone-c\/\"},\"author\":{\"name\":\"Johanna Dambreville\",\"@id\":\"https:\/\/juvigo.fr\/magazine\/#\/schema\/person\/1525fbe83a87a6ed0e7cf582b6764066\"},\"headline\":\"Les vacances scolaire zone C 2025-2026\",\"datePublished\":\"2023-10-27T13:58:54+00:00\",\"dateModified\":\"2025-09-25T16:19:01+00:00\",\"mainEntityOfPage\":{\"@id\":\"https:\/\/juvigo.fr\/magazine\/astuces\/vacances-scolaires\/les-vacances-scolaire-zone-c\/\"},\"wordCount\":2749,\"commentCount\":0,\"publisher\":{\"@id\":\"https:\/\/juvigo.fr\/magazine\/#organization\"},\"image\":{\"@id\":\"https:\/\/juvigo.fr\/magazine\/astuces\/vacances-scolaires\/les-vacances-scolaire-zone-c\/#primaryimage\"},\"thumbnailUrl\":\"https:\/\/juvigo.fr\/magazine\/wp-content\/uploads\/2023\/10\/6A1D8AC5-C2ED-4AA8-B661-160EC380D011_1_201_a-e1699519877574.jpeg\",\"articleSection\":[\"Vacances scolaires\"],\"inLanguage\":\"fr\",\"potentialAction\":[{\"@type\":\"CommentAction\",\"name\":\"Comment\",\"target\":[\"https:\/\/juvigo.fr\/magazine\/astuces\/vacances-scolaires\/les-vacances-scolaire-zone-c\/#respond\"]}]},{\"@type\":\"WebPage\",\"@id\":\"https:\/\/juvigo.fr\/magazine\/astuces\/vacances-scolaires\/les-vacances-scolaire-zone-c\/\",\"url\":\"https:\/\/juvigo.fr\/magazine\/astuces\/vacances-scolaires\/les-vacances-scolaire-zone-c\/\",\"name\":\"Les vacances scolaire zone C 2025-2026 - Juvigo Magazine\",\"isPartOf\":{\"@id\":\"https:\/\/juvigo.fr\/magazine\/#website\"},\"primaryImageOfPage\":{\"@id\":\"https:\/\/juvigo.fr\/magazine\/astuces\/vacances-scolaires\/les-vacances-scolaire-zone-c\/#primaryimage\"},\"image\":{\"@id\":\"https:\/\/juvigo.fr\/magazine\/astuces\/vacances-scolaires\/les-vacances-scolaire-zone-c\/#primaryimage\"},\"thumbnailUrl\":\"https:\/\/juvigo.fr\/magazine\/wp-content\/uploads\/2023\/10\/6A1D8AC5-C2ED-4AA8-B661-160EC380D011_1_201_a-e1699519877574.jpeg\",\"datePublished\":\"2023-10-27T13:58:54+00:00\",\"dateModified\":\"2025-09-25T16:19:01+00:00\",\"description\":\"Pour les vacances scolaire zone C 2025-2026, de nombreuses possibilit\u00e9s t\u2019attendent en termes de colonies de vacances avec Juvigo.\",\"breadcrumb\":{\"@id\":\"https:\/\/juvigo.fr\/magazine\/astuces\/vacances-scolaires\/les-vacances-scolaire-zone-c\/#breadcrumb\"},\"inLanguage\":\"fr\",\"potentialAction\":[{\"@type\":\"ReadAction\",\"target\":[\"https:\/\/juvigo.fr\/magazine\/astuces\/vacances-scolaires\/les-vacances-scolaire-zone-c\/\"]}]},{\"@type\":\"ImageObject\",\"inLanguage\":\"fr\",\"@id\":\"https:\/\/juvigo.fr\/magazine\/astuces\/vacances-scolaires\/les-vacances-scolaire-zone-c\/#primaryimage\",\"url\":\"https:\/\/juvigo.fr\/magazine\/wp-content\/uploads\/2023\/10\/6A1D8AC5-C2ED-4AA8-B661-160EC380D011_1_201_a-e1699519877574.jpeg\",\"contentUrl\":\"https:\/\/juvigo.fr\/magazine\/wp-content\/uploads\/2023\/10\/6A1D8AC5-C2ED-4AA8-B661-160EC380D011_1_201_a-e1699519877574.jpeg\",\"width\":525,\"height\":296},{\"@type\":\"BreadcrumbList\",\"@id\":\"https:\/\/juvigo.fr\/magazine\/astuces\/vacances-scolaires\/les-vacances-scolaire-zone-c\/#breadcrumb\",\"itemListElement\":[{\"@type\":\"ListItem\",\"position\":1,\"name\":\"Juvigo-Magazine\",\"item\":\"https:\/\/juvigo.fr\/magazine\/\"},{\"@type\":\"ListItem\",\"position\":2,\"name\":\"Astuces\",\"item\":\"https:\/\/juvigo.fr\/magazine\/astuces\/\"},{\"@type\":\"ListItem\",\"position\":3,\"name\":\"Vacances scolaires\",\"item\":\"https:\/\/juvigo.fr\/magazine\/astuces\/vacances-scolaires\/\"},{\"@type\":\"ListItem\",\"position\":4,\"name\":\"Les vacances scolaire zone C 2025-2026\"}]},{\"@type\":\"WebSite\",\"@id\":\"https:\/\/juvigo.fr\/magazine\/#website\",\"url\":\"https:\/\/juvigo.fr\/magazine\/\",\"name\":\"Magazine\",\"description\":\"Magazine Juvigo - Ton magazine sur les colonies de vacances et s\u00e9jours linguistiques.\",\"publisher\":{\"@id\":\"https:\/\/juvigo.fr\/magazine\/#organization\"},\"potentialAction\":[{\"@type\":\"SearchAction\",\"target\":{\"@type\":\"EntryPoint\",\"urlTemplate\":\"https:\/\/juvigo.fr\/magazine\/?s={search_term_string}\"},\"query-input\":{\"@type\":\"PropertyValueSpecification\",\"valueRequired\":true,\"valueName\":\"search_term_string\"}}],\"inLanguage\":\"fr\"},{\"@type\":\"Organization\",\"@id\":\"https:\/\/juvigo.fr\/magazine\/#organization\",\"name\":\"Juvigo GmbH\",\"url\":\"https:\/\/juvigo.fr\/magazine\/\",\"logo\":{\"@type\":\"ImageObject\",\"inLanguage\":\"fr\",\"@id\":\"https:\/\/juvigo.fr\/magazine\/#\/schema\/logo\/image\/\",\"url\":\"https:\/\/juvigo.fr\/magazine\/wp-content\/uploads\/2022\/02\/magazine_logo_scaled.png\",\"contentUrl\":\"https:\/\/juvigo.fr\/magazine\/wp-content\/uploads\/2022\/02\/magazine_logo_scaled.png\",\"width\":240,\"height\":100,\"caption\":\"Juvigo GmbH\"},\"image\":{\"@id\":\"https:\/\/juvigo.fr\/magazine\/#\/schema\/logo\/image\/\"},\"sameAs\":[\"https:\/\/de-de.facebook.com\/meinjuvigo\",\"https:\/\/x.com\/meinjuvigo\",\"http:\/\/instagram.com\/juvigo_de\/\"]},{\"@type\":\"Person\",\"@id\":\"https:\/\/juvigo.fr\/magazine\/#\/schema\/person\/1525fbe83a87a6ed0e7cf582b6764066\",\"name\":\"Johanna Dambreville\",\"image\":{\"@type\":\"ImageObject\",\"inLanguage\":\"fr\",\"@id\":\"https:\/\/juvigo.fr\/magazine\/#\/schema\/person\/image\/\",\"url\":\"https:\/\/juvigo.fr\/magazine\/wp-content\/uploads\/2024\/05\/logo_1000x1000-150x150.png\",\"contentUrl\":\"https:\/\/juvigo.fr\/magazine\/wp-content\/uploads\/2024\/05\/logo_1000x1000-150x150.png\",\"caption\":\"Johanna Dambreville\"},\"url\":\"https:\/\/juvigo.fr\/magazine\/author\/johannad\/\"}]}<\/script>\n<!-- \/ Yoast SEO plugin. -->","yoast_head_json":{"title":"Les vacances scolaire zone C 2025-2026 - Juvigo Magazine","description":"Pour les vacances scolaire zone C 2025-2026, de nombreuses possibilit\u00e9s t\u2019attendent en termes de colonies de vacances avec Juvigo.","robots":{"index":"index","follow":"follow","max-snippet":"max-snippet:-1","max-image-preview":"max-image-preview:large","max-video-preview":"max-video-preview:-1"},"canonical":"https:\/\/juvigo.fr\/magazine\/astuces\/vacances-scolaires\/les-vacances-scolaire-zone-c\/","og_locale":"fr_FR","og_type":"article","og_title":"Les vacances scolaire zone C 2025-2026 - Juvigo Magazine","og_description":"Pour les vacances scolaire zone C 2025-2026, de nombreuses possibilit\u00e9s t\u2019attendent en termes de colonies de vacances avec Juvigo.","og_url":"https:\/\/juvigo.fr\/magazine\/astuces\/vacances-scolaires\/les-vacances-scolaire-zone-c\/","og_site_name":"Magazine","article_publisher":"https:\/\/de-de.facebook.com\/meinjuvigo","article_published_time":"2023-10-27T13:58:54+00:00","article_modified_time":"2025-09-25T16:19:01+00:00","og_image":[{"width":525,"height":296,"url":"https:\/\/juvigo.fr\/magazine\/wp-content\/uploads\/2023\/10\/6A1D8AC5-C2ED-4AA8-B661-160EC380D011_1_201_a-e1699519877574.jpeg","type":"image\/jpeg"}],"author":"Johanna Dambreville","twitter_card":"summary_large_image","twitter_creator":"@meinjuvigo","twitter_site":"@meinjuvigo","twitter_misc":{"Written by":"Johanna Dambreville","Est. reading time":"11 minutes"},"schema":{"@context":"https:\/\/schema.org","@graph":[{"@type":"Article","@id":"https:\/\/juvigo.fr\/magazine\/astuces\/vacances-scolaires\/les-vacances-scolaire-zone-c\/#article","isPartOf":{"@id":"https:\/\/juvigo.fr\/magazine\/astuces\/vacances-scolaires\/les-vacances-scolaire-zone-c\/"},"author":{"name":"Johanna Dambreville","@id":"https:\/\/juvigo.fr\/magazine\/#\/schema\/person\/1525fbe83a87a6ed0e7cf582b6764066"},"headline":"Les vacances scolaire zone C 2025-2026","datePublished":"2023-10-27T13:58:54+00:00","dateModified":"2025-09-25T16:19:01+00:00","mainEntityOfPage":{"@id":"https:\/\/juvigo.fr\/magazine\/astuces\/vacances-scolaires\/les-vacances-scolaire-zone-c\/"},"wordCount":2749,"commentCount":0,"publisher":{"@id":"https:\/\/juvigo.fr\/magazine\/#organization"},"image":{"@id":"https:\/\/juvigo.fr\/magazine\/astuces\/vacances-scolaires\/les-vacances-scolaire-zone-c\/#primaryimage"},"thumbnailUrl":"https:\/\/juvigo.fr\/magazine\/wp-content\/uploads\/2023\/10\/6A1D8AC5-C2ED-4AA8-B661-160EC380D011_1_201_a-e1699519877574.jpeg","articleSection":["Vacances scolaires"],"inLanguage":"fr","potentialAction":[{"@type":"CommentAction","name":"Comment","target":["https:\/\/juvigo.fr\/magazine\/astuces\/vacances-scolaires\/les-vacances-scolaire-zone-c\/#respond"]}]},{"@type":"WebPage","@id":"https:\/\/juvigo.fr\/magazine\/astuces\/vacances-scolaires\/les-vacances-scolaire-zone-c\/","url":"https:\/\/juvigo.fr\/magazine\/astuces\/vacances-scolaires\/les-vacances-scolaire-zone-c\/","name":"Les vacances scolaire zone C 2025-2026 - Juvigo Magazine","isPartOf":{"@id":"https:\/\/juvigo.fr\/magazine\/#website"},"primaryImageOfPage":{"@id":"https:\/\/juvigo.fr\/magazine\/astuces\/vacances-scolaires\/les-vacances-scolaire-zone-c\/#primaryimage"},"image":{"@id":"https:\/\/juvigo.fr\/magazine\/astuces\/vacances-scolaires\/les-vacances-scolaire-zone-c\/#primaryimage"},"thumbnailUrl":"https:\/\/juvigo.fr\/magazine\/wp-content\/uploads\/2023\/10\/6A1D8AC5-C2ED-4AA8-B661-160EC380D011_1_201_a-e1699519877574.jpeg","datePublished":"2023-10-27T13:58:54+00:00","dateModified":"2025-09-25T16:19:01+00:00","description":"Pour les vacances scolaire zone C 2025-2026, de nombreuses possibilit\u00e9s t\u2019attendent en termes de colonies de vacances avec Juvigo.","breadcrumb":{"@id":"https:\/\/juvigo.fr\/magazine\/astuces\/vacances-scolaires\/les-vacances-scolaire-zone-c\/#breadcrumb"},"inLanguage":"fr","potentialAction":[{"@type":"ReadAction","target":["https:\/\/juvigo.fr\/magazine\/astuces\/vacances-scolaires\/les-vacances-scolaire-zone-c\/"]}]},{"@type":"ImageObject","inLanguage":"fr","@id":"https:\/\/juvigo.fr\/magazine\/astuces\/vacances-scolaires\/les-vacances-scolaire-zone-c\/#primaryimage","url":"https:\/\/juvigo.fr\/magazine\/wp-content\/uploads\/2023\/10\/6A1D8AC5-C2ED-4AA8-B661-160EC380D011_1_201_a-e1699519877574.jpeg","contentUrl":"https:\/\/juvigo.fr\/magazine\/wp-content\/uploads\/2023\/10\/6A1D8AC5-C2ED-4AA8-B661-160EC380D011_1_201_a-e1699519877574.jpeg","width":525,"height":296},{"@type":"BreadcrumbList","@id":"https:\/\/juvigo.fr\/magazine\/astuces\/vacances-scolaires\/les-vacances-scolaire-zone-c\/#breadcrumb","itemListElement":[{"@type":"ListItem","position":1,"name":"Juvigo-Magazine","item":"https:\/\/juvigo.fr\/magazine\/"},{"@type":"ListItem","position":2,"name":"Astuces","item":"https:\/\/juvigo.fr\/magazine\/astuces\/"},{"@type":"ListItem","position":3,"name":"Vacances scolaires","item":"https:\/\/juvigo.fr\/magazine\/astuces\/vacances-scolaires\/"},{"@type":"ListItem","position":4,"name":"Les vacances scolaire zone C 2025-2026"}]},{"@type":"WebSite","@id":"https:\/\/juvigo.fr\/magazine\/#website","url":"https:\/\/juvigo.fr\/magazine\/","name":"Magazine","description":"Magazine Juvigo - Ton magazine sur les colonies de vacances et s\u00e9jours linguistiques.","publisher":{"@id":"https:\/\/juvigo.fr\/magazine\/#organization"},"potentialAction":[{"@type":"SearchAction","target":{"@type":"EntryPoint","urlTemplate":"https:\/\/juvigo.fr\/magazine\/?s={search_term_string}"},"query-input":{"@type":"PropertyValueSpecification","valueRequired":true,"valueName":"search_term_string"}}],"inLanguage":"fr"},{"@type":"Organization","@id":"https:\/\/juvigo.fr\/magazine\/#organization","name":"Juvigo GmbH","url":"https:\/\/juvigo.fr\/magazine\/","logo":{"@type":"ImageObject","inLanguage":"fr","@id":"https:\/\/juvigo.fr\/magazine\/#\/schema\/logo\/image\/","url":"https:\/\/juvigo.fr\/magazine\/wp-content\/uploads\/2022\/02\/magazine_logo_scaled.png","contentUrl":"https:\/\/juvigo.fr\/magazine\/wp-content\/uploads\/2022\/02\/magazine_logo_scaled.png","width":240,"height":100,"caption":"Juvigo GmbH"},"image":{"@id":"https:\/\/juvigo.fr\/magazine\/#\/schema\/logo\/image\/"},"sameAs":["https:\/\/de-de.facebook.com\/meinjuvigo","https:\/\/x.com\/meinjuvigo","http:\/\/instagram.com\/juvigo_de\/"]},{"@type":"Person","@id":"https:\/\/juvigo.fr\/magazine\/#\/schema\/person\/1525fbe83a87a6ed0e7cf582b6764066","name":"Johanna Dambreville","image":{"@type":"ImageObject","inLanguage":"fr","@id":"https:\/\/juvigo.fr\/magazine\/#\/schema\/person\/image\/","url":"https:\/\/juvigo.fr\/magazine\/wp-content\/uploads\/2024\/05\/logo_1000x1000-150x150.png","contentUrl":"https:\/\/juvigo.fr\/magazine\/wp-content\/uploads\/2024\/05\/logo_1000x1000-150x150.png","caption":"Johanna Dambreville"},"url":"https:\/\/juvigo.fr\/magazine\/author\/johannad\/"}]}},"author_meta":{"display_name":"Johanna Dambreville","author_link":"https:\/\/juvigo.fr\/magazine\/author\/johannad\/"},"featured_img":"https:\/\/juvigo.fr\/magazine\/wp-content\/uploads\/2023\/10\/6A1D8AC5-C2ED-4AA8-B661-160EC380D011_1_201_a-e1699519877574-300x169.jpeg","wps_subtitle":"","coauthors":[],"tax_additional":{"categories":{"linked":["<a href=\"https:\/\/juvigo.fr\/magazine\/astuces\/vacances-scolaires\/\" class=\"advgb-post-tax-term\">Vacances scolaires<\/a>"],"unlinked":["<span class=\"advgb-post-tax-term\">Vacances scolaires<\/span>"]}},"comment_count":"0","relative_dates":{"created":"Posted 3 years ago","modified":"Updated 7 months ago"},"absolute_dates":{"created":"Posted on 27-10-2023","modified":"Updated on 25-09-2025"},"absolute_dates_time":{"created":"Posted on 27-10-2023 15:58","modified":"Updated on 25-09-2025 18:19"},"featured_img_caption":"","series_order":"","_links":{"self":[{"href":"https:\/\/juvigo.fr\/magazine\/wp-json\/wp\/v2\/posts\/8998","targetHints":{"allow":["GET"]}}],"collection":[{"href":"https:\/\/juvigo.fr\/magazine\/wp-json\/wp\/v2\/posts"}],"about":[{"href":"https:\/\/juvigo.fr\/magazine\/wp-json\/wp\/v2\/types\/post"}],"author":[{"embeddable":true,"href":"https:\/\/juvigo.fr\/magazine\/wp-json\/wp\/v2\/users\/26"}],"replies":[{"embeddable":true,"href":"https:\/\/juvigo.fr\/magazine\/wp-json\/wp\/v2\/comments?post=8998"}],"version-history":[{"count":19,"href":"https:\/\/juvigo.fr\/magazine\/wp-json\/wp\/v2\/posts\/8998\/revisions"}],"predecessor-version":[{"id":11107,"href":"https:\/\/juvigo.fr\/magazine\/wp-json\/wp\/v2\/posts\/8998\/revisions\/11107"}],"wp:featuredmedia":[{"embeddable":true,"href":"https:\/\/juvigo.fr\/magazine\/wp-json\/wp\/v2\/media\/9021"}],"wp:attachment":[{"href":"https:\/\/juvigo.fr\/magazine\/wp-json\/wp\/v2\/media?parent=8998"}],"wp:term":[{"taxonomy":"category","embeddable":true,"href":"https:\/\/juvigo.fr\/magazine\/wp-json\/wp\/v2\/categories?post=8998"},{"taxonomy":"table_tags","embeddable":true,"href":"https:\/\/juvigo.fr\/magazine\/wp-json\/wp\/v2\/table_tags?post=8998"}],"curies":[{"name":"wp","href":"https:\/\/api.w.org\/{rel}","templated":true}]}}