{"id":8981,"date":"2023-10-25T12:35:12","date_gmt":"2023-10-25T10:35:12","guid":{"rendered":"https:\/\/juvigo.fr\/magazine\/?p=8981"},"modified":"2025-09-25T18:16:24","modified_gmt":"2025-09-25T16:16:24","slug":"les-vacances-scolaires-zone-b","status":"publish","type":"post","link":"https:\/\/juvigo.fr\/magazine\/astuces\/vacances-scolaires\/les-vacances-scolaires-zone-b\/","title":{"rendered":"Les vacances scolaires zone B 2025-2026"},"content":{"rendered":"\n<h2 class=\"wp-block-heading\" id=\"les-dates-de-vacances-scolaires-2023-et-2024-zone-b-a0ff73f2-a496-4186-8843-01530ade37c0\"><strong>Les dates de vacances scolaires zone B 2025-2026<\/strong><\/h2>\n\n\n\n<p>Il est tr\u00e8s important de conna\u00eetre les dates de vacances scolaires zone B 2025-2026 pour pouvoir s\u2019organiser au mieux. Pour rappel, la zone B concerne les acad\u00e9mies de Aix-Marseille, Amiens, Lille, Nancy-Metz, Nantes, Nice, Normandie (Caen, Rouen), Orl\u00e9ans-Tours, Reims, Rennes et Strasbourg. Voici donc les dates de vacances scolaires 2025 zone B :<\/p>\n\n\n\n<h3 class=\"wp-block-heading has-trawell-meta-color has-text-color\" id=\"tableau-des-vacances-scolaires-zone-b-en-20252026--72478955-af32-4c9e-8e08-07da13020a40\">Tableau des vacances scolaires zone B en 2025-2026 <\/h3>\n\n\n\n<table class=\"wp-block-advgb-table advgb-table-frontend is-style-stripes\"><thead><tr><th style=\"background-color:#f99420;color:#ffffff;text-align:center;vertical-align:middle;padding-top:10px;padding-bottom:10px;border-top-color:#000;border-right-color:#000;border-bottom-color:#000;border-left-color:#000;border-width:1px\"><strong>ZONE<\/strong><\/th><th style=\"background-color:#f99420;color:#ffffff;text-align:center;vertical-align:middle;padding-top:10px;padding-bottom:10px;border-top-color:#000;border-right-color:#000;border-bottom-color:#000;border-left-color:#000;border-width:1px\"><strong>TOUSSAINT<\/strong><\/th><th style=\"background-color:#f99420;color:#ffffff;text-align:center;vertical-align:middle;padding-top:10px;padding-bottom:10px;border-top-color:#000;border-right-color:#000;border-bottom-color:#000;border-left-color:#000;border-width:1px\"><strong>NO\u00cbL<\/strong><\/th><th style=\"background-color:#f99420;color:#ffffff;text-align:center;vertical-align:middle;padding-top:10px;padding-bottom:10px;border-top-color:#000;border-right-color:#000;border-bottom-color:#000;border-left-color:#000;border-width:1px\"><strong>HIVER<\/strong><\/th><th style=\"background-color:#f99420;color:#ffffff;text-align:center;vertical-align:middle;padding-top:10px;padding-bottom:10px;border-top-color:#000;border-right-color:#000;border-bottom-color:#000;border-left-color:#000;border-width:1px\"><strong>P\u00c2QUES<\/strong><\/th><th style=\"background-color:#f99420;color:#ffffff;text-align:center;vertical-align:middle;border-top-color:#000;border-right-color:#000;border-bottom-color:#000;border-left-color:#000;border-width:1px\"><strong>\u00c9T\u00c9<\/strong><\/th><\/tr><\/thead><tbody><tr><td style=\"text-align:center;vertical-align:middle;border-top-color:#000;border-right-color:#000;border-bottom-color:#000;border-left-color:#000;border-width:1px;color:#1f214d\"><strong>ZONE B<\/strong><\/td><td style=\"text-align:center;vertical-align:middle;border-top-color:#000;border-right-color:#000;border-bottom-color:#000;border-left-color:#000;border-width:1px;color:#1f214d\"><br>18\/10\/2025<br>&#8211;<br>03\/11\/2025<br><\/td><td style=\"text-align:center;vertical-align:middle;border-top-color:#000;border-right-color:#000;border-bottom-color:#000;border-left-color:#000;border-width:1px;color:#1f214d\"><br>20\/12\/2025<br>&#8211;<br>05\/01\/2026<br><\/td><td style=\"text-align:center;vertical-align:middle;border-top-color:#000;border-right-color:#000;border-bottom-color:#000;border-left-color:#000;border-width:1px;color:#1f214d\"><br>14\/02\/2026<br>&#8211;<br>03\/02\/2026<br><\/td><td style=\"text-align:center;vertical-align:middle;border-top-color:#000;border-right-color:#000;border-bottom-color:#000;border-left-color:#000;border-width:1px;color:#1f214d\"><br>11\/04\/2026<br>&#8211;<br>27\/04\/2026<br><\/td><td style=\"text-align:center;vertical-align:middle;border-top-color:#000;border-right-color:#000;border-bottom-color:#000;border-left-color:#000;border-width:1px;color:#1f214d\"><br>04\/07\/2026<br>&#8211;<br>01\/09\/2026<br><\/td><\/tr><\/tbody><\/table>\n\n\n\n<h2 class=\"wp-block-heading\" id=\"idees-pour-les-vacances-scolaires-2023-et-2024-zone-b-6aef8502-5440-4ec2-b297-0210b597a49b\"><strong>Id\u00e9es pour les vacances scolaires zone B 2025-2026<\/strong><\/h2>\n\n\n\n<h3 class=\"wp-block-heading\" id=\"se-promener-dans-les-jardins-et-les-arenes-de-cimiez-pendant-les-beaux-jours-a-nice-706c4f77-3169-41f8-a283-0332012e0ce1\"><strong>Se promener dans les jardins et les ar\u00e8nes de Cimiez pendant les beaux jours \u00e0 Nice<\/strong><\/h3>\n\n\n\n<p>Dans les hauteurs de la ville de Nice, on peut retrouver le beau jardin de Cimiez o\u00f9 tu vas voir de magnifiques oliviers centenaires. C\u2019est l\u2019endroit id\u00e9al pour profiter des grandes pelouses et faire de beaux pique-niques si le temps le permet. En allant dans les jardins, il est possible de visiter les ruines des ar\u00e8nes romaines qui datent du 1er si\u00e8cle, ancien lieu de spectacle durant l\u2019Antiquit\u00e9. Pour profiter de ces activit\u00e9s, il est possible de partir en <a href=\"https:\/\/juvigo.fr\/colos\/colonies-de-vacances-nice\">colonie de vacances Nice<\/a> pendant les vacances scolaires zone B 2025-2026.<\/p>\n\n\n\n<h3 class=\"wp-block-heading\" id=\"profiter-des-calanques-en-kayak-pres-de-marseille-34f064c4-d559-4b78-a724-e1eff9d18a48\"><strong>Profiter des calanques en kayak pr\u00e8s de Marseille<\/strong><\/h3>\n\n\n\n<p>Quoi de mieux que de profiter de la nature tout en faisant une activit\u00e9 sportive avec les enfants ? Il est possible de partir \u00e0 la d\u00e9couverte des calanques avec un kayak. Vous pouvez partir en excursion durant la journ\u00e9e pour aller voir les calanques et profiter des plages qui sont inaccessibles au public d\u2019une autre mani\u00e8re. Il pourrait \u00eatre int\u00e9ressant de pr\u00e9voir un pique-nique pour la journ\u00e9e et vous arr\u00eater dans l\u2019une des criques pour un bon moment. Vous pouvez proposer \u00e0 vos enfants de partir en <a href=\"https:\/\/juvigo.fr\/colos\/colonies-kayak\">stage kayak<\/a> pour profiter de cette activit\u00e9 au maximum.<\/p>\n\n\n\n<h3 class=\"wp-block-heading\" id=\"decouvrir-le-parc-floral-et-sa-serre-aux-papillons-a-orleans-911c1a43-bec5-4082-b716-c87e76840993\"><strong>D\u00e9couvrir le Parc Floral et sa serre aux papillons \u00e0 Orl\u00e9ans<\/strong><\/h3>\n\n\n\n<p>Tout le monde ne le sait peut-\u00eatre pas, mais Orl\u00e9ans est une ville tr\u00e8s fleurie et pleine de verdure. C\u2019est une ville id\u00e9ale pour passer ses vacances scolaires zone B 2025-2026. Si vous souhaitez en profiter au maximum, l\u2019id\u00e9al serait des nombreux parcs et jardins que la ville offre. Par exemple, le Parc Floral qui est au sud de la ville est tr\u00e8s impressionnant. En plus de ses nombreuses fleurs, il y a \u00e9galement une belle serre aux papillons qui pourra \u00e9merveiller les petits et les grands. Il est m\u00eame possible de profiter de tout cela \u00e0 bord d\u2019un petit train durant les beaux jours. Si vos enfants sont int\u00e9ress\u00e9s par des s\u00e9jours dans la nature ou avec des animaux, une <a href=\"https:\/\/juvigo.fr\/colos\/colonies-de-vacances-a-la-ferme\">colonie de vacances \u00e0 la ferme<\/a> pourrait \u00eatre id\u00e9ale.<\/p>\n\n\n\n<h3 class=\"wp-block-heading\" id=\"partir-en-exploration-a-planete-sauvage-pres-de-nantes-b4187bfe-b45d-40fb-b39f-4d8da3471f5b\"><strong>Partir en exploration \u00e0 Plan\u00e8te Sauvage pr\u00e8s de Nantes<\/strong><\/h3>\n\n\n\n<p>Vous ne connaissez pas encore le parc de Plan\u00e8te Sauvage ? Il est temps de rem\u00e9dier \u00e0 cela durant les prochaines vacances zone B 2025-2026. Vous allez pouvoir y d\u00e9couvrir un parc immense de plus de 85 hectares. En plus de cela, il est possible de faire un grand safari en voiture l\u00e0-bas, un stage aupr\u00e8s de soigneurs ou encore de rencontrer des dauphins. Les possibilit\u00e9s sont illimit\u00e9es dans ce parc pour effectuer une <a href=\"https:\/\/juvigo.fr\/colos\/colonies-de-vacances-animaux\">colonie de vacances animaux<\/a> inoubliable.<\/p>\n\n\n\n<h3 class=\"wp-block-heading\" id=\"decouvrir-lespace-des-sciences-pour-un-moment-ludique-a-rennes-35120107-b2a3-45e9-a454-c755fd3d54b8\"><strong>D\u00e9couvrir l\u2019Espace des Sciences pour un moment ludique \u00e0 Rennes<\/strong><\/h3>\n\n\n\n<p>De nombreuses activit\u00e9s sont propos\u00e9es \u00e0 l\u2019Espace des Sciences. Il est possible d\u2019y voir des expositions et des animations diff\u00e9rentes qui promettent un bon moment en vacances zone B 2025-2026. C\u2019est un centre de culture scientifique qui regroupe un plan\u00e9tarium ainsi que le Festival des sciences. C\u2019est une r\u00e9ussite \u00e0 coup s\u00fbr pour une journ\u00e9e durant les vacances scolaires. Si vos enfants sont int\u00e9ress\u00e9s par ce sujet, ils peuvent partir en <a href=\"https:\/\/juvigo.fr\/colos\/colonies-de-vacances-scientifiques\">colonie de vacances scientifique<\/a>.<\/p>\n\n\n\n<h3 class=\"wp-block-heading\" id=\"aller-se-promener-au-parc-de-la-colline-aux-oiseaux-a-caen-071d349e-d548-4a24-948a-8e4e87a5ea33\"><strong>Aller se promener au parc de la Colline aux oiseaux \u00e0 Caen<\/strong><\/h3>\n\n\n\n<p>La Colline aux oiseaux est un grand parc avec de nombreux jardins et une vue panoramique unique sur la ville de Caen. Pour profiter de la nature tout en d\u00e9couvrant la beaut\u00e9 de la ville, c\u2019est parfait pour les vacances scolaires zone B 2025-2026. Il y a de nombreuses animations propos\u00e9es sur le th\u00e8me du jardinage et pour \u00e9duquer sur l\u2019environnement de fa\u00e7on ludique. On peut aussi y trouver un labyrinthe, une ferme, une roseraie\u2026 De quoi plaire \u00e0 tous ! Pour les enfants qui souhaitent prendre l\u2019air, un <a href=\"https:\/\/juvigo.fr\/colos\/camps-aventure\">camp d\u2019aventure<\/a> sera un bon s\u00e9jour.<\/p>\n\n\n\n<h3 class=\"wp-block-heading\" id=\"participer-a-un-rallye-urbain-dans-la-ville-de-rouen-4aa83cc7-c7b2-448b-b75a-a1e983469f2b\"><strong>Participer \u00e0 un rallye urbain dans la ville de Rouen<\/strong><\/h3>\n\n\n\n<p>Pour ceux qui aiment d\u00e9couvrir une ville de mani\u00e8re ludique avec les enfants, cette activit\u00e9 est parfaite. C\u2019est un jeu de piste au c\u0153ur de la ville qui permet de d\u00e9couvrir la ville en une dur\u00e9e de 2 heures environ. C\u2019est une activit\u00e9 parfaite \u00e0 faire avec les enfants lorsque vous souhaitez passer une journ\u00e9e en ville et d\u00e9couvrir les endroits populaires. Cela est faisable d\u00e8s l\u2019\u00e2ge de 12 ans, permettant d\u2019impliquer les enfants dans la visite. Pour les enfants qui aiment l\u2019aventure, il est possible de les faire partir en <a href=\"https:\/\/juvigo.fr\/colos\/colonies-de-vacances-koh-lanta\">colonie de vacances koh lanta<\/a> pour les prochaines vacances scolaires zone B 2025-2026.<\/p>\n\n\n\n<h3 class=\"wp-block-heading\" id=\"jouer-les-explorateurs-dans-le-jardin-archeologique-de-saintacheul-a-amiens-070a2b0d-2daf-4d1e-82de-9babb51cdffa\"><strong>Jouer les explorateurs dans le jardin arch\u00e9ologique de Saint-Acheul \u00e0 Amiens<\/strong><\/h3>\n\n\n\n<p>Pour les enfants qui adorent explorer et d\u00e9couvrir de nouvelles choses, le jardin arch\u00e9ologique \u00e0 Amiens est parfait. Ancienne carri\u00e8re datant du XIXe si\u00e8cle, ce jardin a permis de mieux comprendre le creusement de la vall\u00e9e de la Somme. Il est possible de r\u00e9server une visite ou m\u00eame des ateliers pour les futurs arch\u00e9ologues, afin de vivre une vraie exp\u00e9rience. Pour ceux qui aiment faire des activit\u00e9s manuelles, il serait possible d\u2019aller dans une <a href=\"https:\/\/juvigo.fr\/colos\/colonies-de-vacances-bricolage\">colonie de vacances bricolage<\/a>.<\/p>\n\n\n\n<h3 class=\"wp-block-heading\" id=\"profiter-de-la-citadelle-de-lille-pour-aller-faire-du-bateau-4860e9e3-b475-42f8-a967-1f9e0ae886dc\"><strong>Profiter de la Citadelle de Lille pour aller faire du bateau<\/strong><\/h3>\n\n\n\n<p>Il est d\u00e9sormais possible de profiter d\u2019une belle base nautique directement \u00e0 Lille. Si vous souhaitez faire une activit\u00e9 ludique et insolite en ville, partir faire un tour de bateau \u00e0 la Citadelle de Lille est ce que vous recherchez. Vous pouvez m\u00eame faire un parcours qui vous permettra de d\u00e9couvrir la r\u00e9gion lilloise pendant une balade de 2h avec les bateaux \u00e9lectriques disponibles \u00e0 la location. Les enfants peuvent m\u00eame naviguer sur leur propre bateau avec un adulte pour une super exp\u00e9rience. Si ce genre d\u2019activit\u00e9s int\u00e9ressent vos enfants, il est possible de faire un <a href=\"https:\/\/juvigo.fr\/colos-nautiques\">stage nautique<\/a>.<\/p>\n\n\n\n<h3 class=\"wp-block-heading\" id=\"faire-un-voyage-dans-le-temps-avec-la-cathedrale-de-reims-ba909af4-b31a-4acd-87d9-41472756d66b\"><strong>Faire un voyage dans le temps avec la Cath\u00e9drale de Reims<\/strong><\/h3>\n\n\n\n<p>Si vous passez par la ville de Reims, il est important de montrer \u00e0 vos enfants la magnifique cath\u00e9drale de Reims. C\u2019est une activit\u00e9 id\u00e9ale pour les vacances scolaires zone B 2025-2026. Appel\u00e9e la cit\u00e9 des sacres, la ville de Reims a un fort patrimoine historique et a vu passer un grand nombre de rois de France. Pouvoir visiter ce monument \u00e0 couper le souffle et en apprendre plus sur l\u2019histoire de France est une opportunit\u00e9 unique. Il est possible de faire une <a href=\"https:\/\/juvigo.fr\/colos\/colonies-de-vacances-reims\">colonie de vacances Reims<\/a> pour d\u00e9couvrir la ville sous toutes ses facettes.<\/p>\n\n\n\n<h3 class=\"wp-block-heading\" id=\"se-perdre-dans-les-rayons-du-hall-du-livre-a-nancy-pendant-les-vacances-scolaires-2023-et-2024-zone-b-339e3d97-8634-4058-8c76-474a042fb097\"><strong>Se perdre dans les rayons du Hall du Livre \u00e0 Nancy<\/strong> pendant les vacances scolaires zone B 2025-2026<\/h3>\n\n\n\n<p>Pouvoir fl\u00e2ner dans une grande librairie et choisir plusieurs ouvrages \u00e0 pouvoir lire en rentrant \u00e0 la maison, cela peut plaire \u00e0 beaucoup d\u2019enfants. Cela peut \u00e9galement inciter certains \u00e0 lire un peu plus si on leur propose un grand choix d\u2019ouvrages. Le Hall du Livre est l\u2019endroit parfait pour se promener et d\u00e9couvrir de nombreux livres, une sortie ludique pendant les vacances scolaires zone B 2025-2026. C\u2019est un endroit incontournable pour les passionn\u00e9s de lecture et pour ceux qui ont besoin d\u2019inspiration pour leurs prochaines lectures. Aller l\u00e0-bas apr\u00e8s une <a href=\"https:\/\/juvigo.fr\/colos\/colonies-de-vacances-avril\">colonie de vacances avril<\/a> pour ramener des \u0153uvres \u00e0 lire pour la rentr\u00e9e peut \u00eatre une bonne id\u00e9e.<\/p>\n\n\n\n<h3 class=\"wp-block-heading\" id=\"participer-a-une-session-de-karting-inoubliable-pres-de-strasbourg-f53776a1-f8e7-4550-9a9c-9c5512d0194a\"><strong>Participer \u00e0 une session de karting inoubliable pr\u00e8s de Strasbourg<\/strong><\/h3>\n\n\n\n<p>Pour les amateurs de sensations fortes, voici une id\u00e9e qui peut \u00eatre int\u00e9ressante. Aller faire du karting pr\u00e8s de Strasbourg pour les vacances scolaires zone B 2025-2026 est une activit\u00e9 qui va en motiver certains. Tr\u00e8s proche de la ville, cela vous permet d\u2019allier la visite de Strasbourg \u00e0 une activit\u00e9 divertissante qui va plaire \u00e0 tout le monde. Il est possible de faire une initiation pour les d\u00e9butants afin de d\u00e9couvrir l\u2019adr\u00e9naline procur\u00e9e par cette activit\u00e9. Pour les plus d\u00e9gourdis, il est tout \u00e0 fait possible de faire une <a href=\"https:\/\/juvigo.fr\/colos\/colonies-de-vacances-karting\">colonie de vacances karting <\/a>pour en faire encore plus.<\/p>\n\n\n\n<h2 class=\"wp-block-heading\" id=\"les-vacances-scolaires-2023-et-2024-zone-b-a-la-toussaint-3286b7b0-716d-4909-8de1-81bf354fded8\"><strong>Les vacances scolaires zone B 2025-2026 \u00e0 la toussaint<\/strong><\/h2>\n\n\n\n<p>Pour les \u00e9l\u00e8ves, les vacances sont probablement les moments forts de l&#8217;ann\u00e9e, pendant lesquels ils peuvent se reposer, d\u00e9couvrir de nouveaux int\u00e9r\u00eats et reprendre de l&#8217;\u00e9nergie pour l&#8217;ann\u00e9e scolaire \u00e0 venir. C\u2019est une p\u00e9riode id\u00e9ale pour d\u00e9couvrir la beaut\u00e9 de la nature \u00e0 travers une belle palette de couleurs automnales. Une vraie atmosph\u00e8re de convivialit\u00e9 et d\u2019anticipation \u00e0 la saison hivernale se d\u00e9ploie durant cette p\u00e9riode. Une multitude d\u2019activit\u00e9s s\u2019offrent \u00e0 vous pour bien capturer l\u2019esprit de la saison d\u2019automne.<\/p>\n\n\n\n<h3 class=\"wp-block-heading\" id=\"profiter-de-cette-periode-pour-faire-du-bricolage-pendant-les-vacances-scolaires-2023-et-2024-zone-b-05e2a620-81ad-4a04-b7a7-f57e88ecba3c\"><strong>Profiter de cette p\u00e9riode pour faire du bricolage pendant les vacances scolaires zone B 2025-2026<\/strong><\/h3>\n\n\n\n<p>Le bricolage est une bonne activit\u00e9 pour d\u00e9velopper sa cr\u00e9ativit\u00e9 et embellir la maison avec des d\u00e9corations automnales. Pendant les vacances scolaires zone B 2025-2026, les enfants vont pouvoir s\u2019essayer \u00e0 divers projets DIY (do it yourself). Ils peuvent par exemple cr\u00e9er des lanternes avec des citrouilles. Ils peuvent aussi faire de belles \u0153uvres d\u2019art naturelles avec des feuilles automnales ou des pommes de pin. Il existe une infinit\u00e9 de possibilit\u00e9s pour transformer la maison en paradis automnal. Le bricolage favorise la cr\u00e9ativit\u00e9 mais peut aussi cr\u00e9er de nouveaux liens avec des nouveaux amis en travaillant ensemble sur des projets.<\/p>\n\n\n\n<h3 class=\"wp-block-heading\" id=\"celebrer-halloween-pendant-les-vacances-de-la-toussaint-20232024-7a5d37a2-67f5-4ad2-b544-c59d0751c1c8\"><strong>C\u00e9l\u00e9brer Halloween pendant les vacances de la Toussaint 2025-2026<\/strong><\/h3>\n\n\n\n<p>Un autre moment fort pendant les vacances de la Toussaint zone B 2025-2026 est la f\u00eate d\u2019Halloween. Cette f\u00eate est de plus en plus populaire dans le pays. Pendant les vacances, certaines villes et communes proposent des march\u00e9s \u00e0 la citrouille, des animations et f\u00eates pour Halloween. Les enfants se d\u00e9guisent et vont faire du porte-\u00e0-porte pour collecter des bonbons. C&#8217;est une exp\u00e9rience amusante et magique qui fait r\u00eaver les enfants.<\/p>\n\n\n\n<h3 class=\"wp-block-heading\" id=\"profiter-de-la-nature-pendant-les-vacances-scolaires-2023-et-2024-zone-b-c671ae69-a18b-429c-9ec4-e0c9ea517c35\"><strong>Profiter de la nature pendant les vacances scolaires zone B 2025-2026<\/strong><\/h3>\n\n\n\n<p>M\u00eame si le bricolage et la f\u00eate d\u2019Halloween ont de quoi vous occuper pendant les vacances, il est possible de partir profiter de la nature avec des balades automnales. C\u2019est l\u2019occasion parfaite de faire de belles randonn\u00e9es pour profiter des couleurs d\u2019automne. L\u2019air pur, les temp\u00e9ratures encore douces et agr\u00e9ables, ainsi que les belles couleurs vives des feuilles font de cette p\u00e9riode un paradis pour les amateurs de randonn\u00e9e. Pour les enfants qui aiment beaucoup ce genre d\u2019activit\u00e9s, partir en <a href=\"https:\/\/juvigo.fr\/colos\/colonies-de-vacances-randonnee\">colonie de vacances randonn\u00e9e<\/a> peut \u00eatre tr\u00e8s int\u00e9ressant.<\/p>\n\n\n\n<h3 class=\"wp-block-heading\" id=\"colonies-de-vacances-disponibles-pendant-les-vacances-de-la-toussaint-fdd35184-9fa6-4e12-8684-d5f3d498e61a\"><strong>Colonies de vacances disponibles pendant les vacances de la toussaint<\/strong><\/h3>\n\n\n\n<div class=\"wp-block-columns is-layout-flex wp-container-core-columns-is-layout-1 wp-block-columns-is-layout-flex\">\n<div class=\"wp-block-column is-layout-flow wp-block-column-is-layout-flow\">\n<script>\r\n  document.addEventListener(\"DOMContentLoaded\", function () {\r\n    const today = new Date();\r\n    const currentYear = today.getFullYear();\r\n    const displayYear = (today.getMonth() >= 10) ? currentYear + 1 : currentYear;\r\n\r\n    document.querySelectorAll('.display-year').forEach(el => {\r\n      el.textContent = displayYear;\r\n    });\r\n  });\r\n<\/script>\r\n<div #2b2f6f;\" class=\"card\">\r\n\t\t\t<a  href=\"https:\/\/juvigo.fr\/colos\/colonies-de-vacances-randonnee\" title=\"Colonies de vacances randonn\u00e9e\">\r\n\t\t\t\t<img decoding=\"async\" data-src=\"https:\/\/juvigo.fr\/assets\/img\/category\/colonies-de-vacances-randonnee-small.jpg\" src=\"data:image\/gif;base64,R0lGODlhAQABAAAAACH5BAEKAAEALAAAAAABAAEAAAICTAEAOw==\" class=\"lazyload\" \/>\r\n\t\t\t<\/a>\r\n\t\t\t<div class=\"card-content\">\r\n               <div class=\"title-wrapper\">\r\n                  <br><a  href=\"https:\/\/juvigo.fr\/colos\/colonies-de-vacances-randonnee\" title=\"Colonies de vacances randonn\u00e9e\"><center><h4><p class=\"camp-title\">Colonies de vacances randonn\u00e9e <span class=\"display-year\"><\/span><\/p><\/h4><\/center><\/a>\r\n            <\/div>\r\n\t\t\t\t<div class=\"content-text\">\r\n\t\t\t\t\t<p class=\"region-info par\">\r\n                                              <center>Tous les camps en <span class=\"display-year\"><\/span> chez Juvigo !<\/center>\r\n                      <\/p>\r\n\t\t\t\t<\/div>\r\n\t\t\t<\/div>\r\n\t\t\t<span style=\"font-family:Quicksand\"><a href=\"https:\/\/juvigo.fr\/colos\/colonies-de-vacances-randonnee\" title=\"Colonies de vacances randonn\u00e9e\"><button class=\"btn btn-yellow card-btn col-md-12\">voir nos offres<\/button><\/a><\/span>\r\n\t\t<\/div>\r\n\t\t<br>\r\n\r\n<!--style=\"border:1px border-radius:25px solid-->\r\n  \r\n<!-- Die Kategorie-Karten m\u00fcssen noch weiter ausgebaut werden-->\n<\/div>\n\n\n\n<div class=\"wp-block-column is-layout-flow wp-block-column-is-layout-flow\">\n<script>\r\n  document.addEventListener(\"DOMContentLoaded\", function () {\r\n    const today = new Date();\r\n    const currentYear = today.getFullYear();\r\n    const displayYear = (today.getMonth() >= 10) ? currentYear + 1 : currentYear;\r\n\r\n    document.querySelectorAll('.display-year').forEach(el => {\r\n      el.textContent = displayYear;\r\n    });\r\n  });\r\n<\/script>\r\n<div #2b2f6f;\" class=\"card\">\r\n\t\t\t<a  href=\"https:\/\/juvigo.fr\/colos\/colonies-de-vacances-octobre\" title=\"Colonies de vacances octobre\">\r\n\t\t\t\t<img decoding=\"async\" data-src=\"https:\/\/juvigo.fr\/assets\/img\/category\/colonies-de-vacances-octobre-small.jpg\" src=\"data:image\/gif;base64,R0lGODlhAQABAAAAACH5BAEKAAEALAAAAAABAAEAAAICTAEAOw==\" class=\"lazyload\" \/>\r\n\t\t\t<\/a>\r\n\t\t\t<div class=\"card-content\">\r\n               <div class=\"title-wrapper\">\r\n                  <br><a  href=\"https:\/\/juvigo.fr\/colos\/colonies-de-vacances-octobre\" title=\"Colonies de vacances octobre\"><center><h4><p class=\"camp-title\">Colonies de vacances octobre <span class=\"display-year\"><\/span><\/p><\/h4><\/center><\/a>\r\n            <\/div>\r\n\t\t\t\t<div class=\"content-text\">\r\n\t\t\t\t\t<p class=\"region-info par\">\r\n                                              <center>Tous les camps en <span class=\"display-year\"><\/span> chez Juvigo !<\/center>\r\n                      <\/p>\r\n\t\t\t\t<\/div>\r\n\t\t\t<\/div>\r\n\t\t\t<span style=\"font-family:Quicksand\"><a href=\"https:\/\/juvigo.fr\/colos\/colonies-de-vacances-octobre\" title=\"Colonies de vacances octobre\"><button class=\"btn btn-yellow card-btn col-md-12\">voir nos offres<\/button><\/a><\/span>\r\n\t\t<\/div>\r\n\t\t<br>\r\n\r\n<!--style=\"border:1px border-radius:25px solid-->\r\n  \r\n<!-- Die Kategorie-Karten m\u00fcssen noch weiter ausgebaut werden-->\n<\/div>\n<\/div>\n\n\n\n<h2 class=\"wp-block-heading\" id=\"les-vacances-zone-b-2024-pour-noel-9f34355f-8433-492d-8947-b819c58c3f9f\"><strong>Les vacances zone B 2025-2026 pour No\u00ebl<\/strong><\/h2>\n\n\n\n<p>C\u2019est une p\u00e9riode magique pendant laquelle chaque ville se pare d\u2019un \u00e9clat festif et l\u2019air est rempli d\u2019anticipation. Pendant cette p\u00e9riode particuli\u00e8re de l\u2019ann\u00e9e, il y a de nombreuses activit\u00e9s passionnantes et de nombreuses possibilit\u00e9s de vivre des exp\u00e9riences inoubliables.<\/p>\n\n\n\n<h3 class=\"wp-block-heading\" id=\"plaisirs-de-lhiver-durant-les-vacances-de-noel-2024-ed8b5747-7dea-4b93-9231-82f081099c60\"><strong>Plaisirs de l\u2019hiver durant les vacances de No\u00ebl zone B 2025-2026<\/strong><\/h3>\n\n\n\n<p>Durant les vacances de No\u00ebl, c\u2019est l\u2019occasion id\u00e9ale de vivre l\u2019atmosph\u00e8re festive de la ville tout en profitant des aventures passionnantes avec les sports d\u2019hiver. Avec les nombreux march\u00e9s de No\u00ebl, les s\u00e9jours au ski ou encore d\u2019autres sports d\u2019hiver, il y a un large \u00e9ventail d\u2019offres vari\u00e9es pour tous les go\u00fbts et tous les niveaux. C\u2019est une p\u00e9riode id\u00e9ale pour profiter de nouvelles exp\u00e9riences durant les vacances scolaires zone B 2025-2026. Que ce soit pour s\u2019aventurer sur les pistes ou pour fl\u00e2ner dans les villages pittoresques en sirotant un chocolat chaud, la p\u00e9riode de No\u00ebl est un moment d\u2019\u00e9merveillement et de joie.&nbsp;<\/p>\n\n\n\n<h3 class=\"wp-block-heading\" id=\"un-esprit-daventure-durant-un-sejour-de-sport-dhiver-38563803-97a1-447f-a6a2-8007a0da1bc2\"><strong>Un esprit d\u2019aventure durant un s\u00e9jour de sport d\u2019hiver<\/strong><\/h3>\n\n\n\n<p>Le ski est un sport tr\u00e8s important durant la p\u00e9riode hivernale et tr\u00e8s populaire d\u00e8s le d\u00e9but de la saison. En plus de cela, il existe de nombreux autres sports d\u2019hiver que vous pouvez pratiquer pendant les vacances de No\u00ebl. Que ce soit du snowboard, du ski de fond ou encore du patin \u00e0 glace, de nombreuses possibilit\u00e9s s\u2019offrent \u00e0 vous. Un voyage aux sports d\u2019hiver durant la saison hivernale est une exp\u00e9rience vraiment passionnante. Ce sera le moment de pratiquer divers sports et d&#8217;explorer le magnifique paysage hivernal lors de ces nombreuses exp\u00e9riences en ext\u00e9rieur.<\/p>\n\n\n\n<h3 class=\"wp-block-heading\" id=\"les-colonies-de-vacances-durant-les-vacances-de-noel-20232024-95bde3da-474d-4c1a-8b3c-7f091cbb0368\"><strong>Les colonies de vacances durant les vacances de No\u00ebl zone B 2025-2026<\/strong><\/h3>\n\n\n\n<div class=\"wp-block-columns is-layout-flex wp-container-core-columns-is-layout-2 wp-block-columns-is-layout-flex\">\n<div class=\"wp-block-column is-layout-flow wp-block-column-is-layout-flow\">\n<script>\r\n  document.addEventListener(\"DOMContentLoaded\", function () {\r\n    const today = new Date();\r\n    const currentYear = today.getFullYear();\r\n    const displayYear = (today.getMonth() >= 10) ? currentYear + 1 : currentYear;\r\n\r\n    document.querySelectorAll('.display-year').forEach(el => {\r\n      el.textContent = displayYear;\r\n    });\r\n  });\r\n<\/script>\r\n<div #2b2f6f;\" class=\"card\">\r\n\t\t\t<a  href=\"https:\/\/juvigo.fr\/colos\/stages-snowboard\" title=\"Stages snowboard ado\">\r\n\t\t\t\t<img decoding=\"async\" data-src=\"https:\/\/juvigo.fr\/assets\/img\/category\/stages-snowboard-small.jpg\" src=\"data:image\/gif;base64,R0lGODlhAQABAAAAACH5BAEKAAEALAAAAAABAAEAAAICTAEAOw==\" class=\"lazyload\" \/>\r\n\t\t\t<\/a>\r\n\t\t\t<div class=\"card-content\">\r\n               <div class=\"title-wrapper\">\r\n                  <br><a  href=\"https:\/\/juvigo.fr\/colos\/stages-snowboard\" title=\"Stages snowboard ado\"><center><h4><p class=\"camp-title\">Stages snowboard ado <span class=\"display-year\"><\/span><\/p><\/h4><\/center><\/a>\r\n            <\/div>\r\n\t\t\t\t<div class=\"content-text\">\r\n\t\t\t\t\t<p class=\"region-info par\">\r\n                                              <center>Tous les camps en <span class=\"display-year\"><\/span> chez Juvigo !<\/center>\r\n                      <\/p>\r\n\t\t\t\t<\/div>\r\n\t\t\t<\/div>\r\n\t\t\t<span style=\"font-family:Quicksand\"><a href=\"https:\/\/juvigo.fr\/colos\/stages-snowboard\" title=\"Stages snowboard ado\"><button class=\"btn btn-yellow card-btn col-md-12\">voir nos offres<\/button><\/a><\/span>\r\n\t\t<\/div>\r\n\t\t<br>\r\n\r\n<!--style=\"border:1px border-radius:25px solid-->\r\n  \r\n<!-- Die Kategorie-Karten m\u00fcssen noch weiter ausgebaut werden-->\n<\/div>\n\n\n\n<div class=\"wp-block-column is-layout-flow wp-block-column-is-layout-flow\">\n<script>\r\n  document.addEventListener(\"DOMContentLoaded\", function () {\r\n    const today = new Date();\r\n    const currentYear = today.getFullYear();\r\n    const displayYear = (today.getMonth() >= 10) ? currentYear + 1 : currentYear;\r\n\r\n    document.querySelectorAll('.display-year').forEach(el => {\r\n      el.textContent = displayYear;\r\n    });\r\n  });\r\n<\/script>\r\n<div #2b2f6f;\" class=\"card\">\r\n\t\t\t<a  href=\"https:\/\/juvigo.fr\/colos\/colos-hiver\" title=\"Colos d'hiver\">\r\n\t\t\t\t<img decoding=\"async\" data-src=\"https:\/\/juvigo.fr\/assets\/img\/category\/colos-hiver-small.jpg\" src=\"data:image\/gif;base64,R0lGODlhAQABAAAAACH5BAEKAAEALAAAAAABAAEAAAICTAEAOw==\" class=\"lazyload\" \/>\r\n\t\t\t<\/a>\r\n\t\t\t<div class=\"card-content\">\r\n               <div class=\"title-wrapper\">\r\n                  <br><a  href=\"https:\/\/juvigo.fr\/colos\/colos-hiver\" title=\"Colos d'hiver\"><center><h4><p class=\"camp-title\">Colos d'hiver <span class=\"display-year\"><\/span><\/p><\/h4><\/center><\/a>\r\n            <\/div>\r\n\t\t\t\t<div class=\"content-text\">\r\n\t\t\t\t\t<p class=\"region-info par\">\r\n                                              <center>Tous les camps en <span class=\"display-year\"><\/span> chez Juvigo !<\/center>\r\n                      <\/p>\r\n\t\t\t\t<\/div>\r\n\t\t\t<\/div>\r\n\t\t\t<span style=\"font-family:Quicksand\"><a href=\"https:\/\/juvigo.fr\/colos\/colos-hiver\" title=\"Colos d'hiver\"><button class=\"btn btn-yellow card-btn col-md-12\">voir nos offres<\/button><\/a><\/span>\r\n\t\t<\/div>\r\n\t\t<br>\r\n\r\n<!--style=\"border:1px border-radius:25px solid-->\r\n  \r\n<!-- Die Kategorie-Karten m\u00fcssen noch weiter ausgebaut werden-->\n<\/div>\n<\/div>\n\n\n\n<h2 class=\"wp-block-heading\" id=\"les-vacances-scolaires-2024-zone-b-en-hiver-a156627d-45fe-4906-b875-66c03115681d\"><strong>Les vacances scolaires zone B 2025-2026 en hiver<\/strong><\/h2>\n\n\n\n<p>C\u2019est la p\u00e9riode id\u00e9ale pour profiter de vacances \u00e0 la montagne et pratiquer les sports d\u2019hiver. Avec de nombreuses possibilit\u00e9s en France, tout le monde pourra trouver son bonheur. Il y a un large choix de pistes pour pratiquer du ski mais aussi du snowboard ou encore de la luge. Les beaux paysages enneig\u00e9s et l\u2019air pur de la montagne vont cr\u00e9er une atmosph\u00e8re magique qui fait de chaque moment une exp\u00e9rience inoubliable.<\/p>\n\n\n\n<h3 class=\"wp-block-heading\" id=\"partir-faire-du-ski-pendant-les-vacances-dhiver-2024-4cf9c766-2346-432f-8db7-25f133c16ac1\"><strong>Partir faire du ski pendant les vacances d\u2019hiver zone B 2025-2026<\/strong><\/h3>\n\n\n\n<p>Pour ceux qui souhaitent am\u00e9liorer leurs comp\u00e9tences, une <a href=\"https:\/\/juvigo.fr\/colos-ski\">colo de ski<\/a> est l\u2019occasion parfaite pour cela. Des s\u00e9jours peuvent \u00eatre sp\u00e9cialement adapt\u00e9s aux besoins des d\u00e9butants si besoin pour offrir un encadrement professionnel. Des moniteurs exp\u00e9riment\u00e9s enseignent aux participants les bases du ski ou m\u00eame du snowboard pour leur permettre d\u2019am\u00e9liorer leur technique dans un environnement en toute s\u00e9curit\u00e9. Ce n\u2019est pas seulement un bon moyen d\u2019apprendre de nouvelles comp\u00e9tences, mais aussi une occasion de rencontrer des personnes partageant les m\u00eames int\u00e9r\u00eats et de profiter de la neige ensemble.<\/p>\n\n\n\n<h3 class=\"wp-block-heading\" id=\"profiter-dune-pause-avant-de-reprendre-lecole-en-vacances-dhiver-dd5d512b-f77b-4470-8a02-44880eacb726\"><strong>Profiter d\u2019une pause avant de reprendre l\u2019\u00e9cole en vacances d\u2019hiver<\/strong><\/h3>\n\n\n\n<p>C\u2019est un excellent moment pour reprendre des forces pendant l\u2019hiver. Ces vacances sont g\u00e9n\u00e9ralement aussi tr\u00e8s appr\u00e9ci\u00e9es pour recharger les batteries. On peut reprendre des forces pour la derni\u00e8re moiti\u00e9 de l\u2019ann\u00e9e scolaire. C\u2019est donc plus qu\u2019une simple pause de l\u2019\u00e9cole, mais aussi un moyen de se ressourcer durant le d\u00e9but de l\u2019ann\u00e9e. Un large \u00e9ventail de d\u2019activit\u00e9s est possible durant cette p\u00e9riode. Il est possible d\u2019en profiter pour se reposer ou d\u2019aller d\u00e9valer les pistes selon ses envies. Quoi qu\u2019il arrive, les vacances d\u2019hiver promettent du bon temps et de beaux souvenirs pour tout le monde.<\/p>\n\n\n\n<h3 class=\"wp-block-heading\" id=\"les-colonies-de-vacances-pendant-les-vacances-dhiver-4e701dca-8e7e-4303-a9c4-90d7511d8398\"><strong>Les colonies de vacances pendant les vacances d\u2019hiver<\/strong><\/h3>\n\n\n\n<div class=\"wp-block-columns is-layout-flex wp-container-core-columns-is-layout-3 wp-block-columns-is-layout-flex\">\n<div class=\"wp-block-column is-layout-flow wp-block-column-is-layout-flow\">\n<script>\r\n  document.addEventListener(\"DOMContentLoaded\", function () {\r\n    const today = new Date();\r\n    const currentYear = today.getFullYear();\r\n    const displayYear = (today.getMonth() >= 10) ? currentYear + 1 : currentYear;\r\n\r\n    document.querySelectorAll('.display-year').forEach(el => {\r\n      el.textContent = displayYear;\r\n    });\r\n  });\r\n<\/script>\r\n<div #2b2f6f;\" class=\"card\">\r\n\t\t\t<a  href=\"https:\/\/juvigo.fr\/colonies-de-vacances-ski\" title=\"Colonies de vacances ski\">\r\n\t\t\t\t<img decoding=\"async\" data-src=\"https:\/\/juvigo.fr\/assets\/img\/supercategory\/colonies-de-vacances-ski-large.jpg\" src=\"data:image\/gif;base64,R0lGODlhAQABAAAAACH5BAEKAAEALAAAAAABAAEAAAICTAEAOw==\" class=\"lazyload\" \/>\r\n\t\t\t<\/a>\r\n\t\t\t<div class=\"card-content\">\r\n               <div class=\"title-wrapper\">\r\n                  <br><a href=\"https:\/\/juvigo.fr\/colonies-de-vacances-ski\" title=\"Colonies de vacances ski\"><center><h4><p class=\"camp-title\">Colonies de vacances ski <span class=\"display-year\"><\/span><\/p><\/h4><\/center><\/a>\r\n            <\/div>\r\n\t\t\t\t<div class=\"content-text\">\r\n\t\t\t\t\t<p class=\"region-info par\">\r\n                                              <center>Tous les camps en <span class=\"display-year\"><\/span> chez Juvigo !<\/center>\r\n                      <\/p>\r\n\t\t\t\t<\/div>\r\n\t\t\t<\/div>\r\n\t\t\t<span style=\"font-family:Quicksand\"><a href=\"https:\/\/juvigo.fr\/colonies-de-vacances-ski\" title=\"Colonies de vacances ski\"><button class=\"btn btn-yellow card-btn col-md-12\">voir nos offres<\/button><\/a><\/span>\r\n\t\t<\/div>\r\n\t\t<br>\r\n\r\n<!--style=\"border:1px border-radius:25px solid-->\r\n  \r\n<!-- Die Kategorie-Karten m\u00fcssen noch weiter ausgebaut werden-->\n<\/div>\n\n\n\n<div class=\"wp-block-column is-layout-flow wp-block-column-is-layout-flow\">\n<script>\r\n  document.addEventListener(\"DOMContentLoaded\", function () {\r\n    const today = new Date();\r\n    const currentYear = today.getFullYear();\r\n    const displayYear = (today.getMonth() >= 10) ? currentYear + 1 : currentYear;\r\n\r\n    document.querySelectorAll('.display-year').forEach(el => {\r\n      el.textContent = displayYear;\r\n    });\r\n  });\r\n<\/script>\r\n<div #2b2f6f;\" class=\"card\">\r\n\t\t\t<a  href=\"https:\/\/juvigo.fr\/colos\/colonies-de-vacances-sport-d-hiver\" title=\"Colonies de vacances sport d'hiver\">\r\n\t\t\t\t<img decoding=\"async\" data-src=\"https:\/\/juvigo.fr\/assets\/img\/category\/colonies-de-vacances-sport-d-hiver-small.jpg\" src=\"data:image\/gif;base64,R0lGODlhAQABAAAAACH5BAEKAAEALAAAAAABAAEAAAICTAEAOw==\" class=\"lazyload\" \/>\r\n\t\t\t<\/a>\r\n\t\t\t<div class=\"card-content\">\r\n               <div class=\"title-wrapper\">\r\n                  <br><a  href=\"https:\/\/juvigo.fr\/colos\/colonies-de-vacances-sport-d-hiver\" title=\"Colonies de vacances sport d'hiver\"><center><h4><p class=\"camp-title\">Colonies de vacances sport d'hiver <span class=\"display-year\"><\/span><\/p><\/h4><\/center><\/a>\r\n            <\/div>\r\n\t\t\t\t<div class=\"content-text\">\r\n\t\t\t\t\t<p class=\"region-info par\">\r\n                                              <center>Tous les camps en <span class=\"display-year\"><\/span> chez Juvigo !<\/center>\r\n                      <\/p>\r\n\t\t\t\t<\/div>\r\n\t\t\t<\/div>\r\n\t\t\t<span style=\"font-family:Quicksand\"><a href=\"https:\/\/juvigo.fr\/colos\/colonies-de-vacances-sport-d-hiver\" title=\"Colonies de vacances sport d'hiver\"><button class=\"btn btn-yellow card-btn col-md-12\">voir nos offres<\/button><\/a><\/span>\r\n\t\t<\/div>\r\n\t\t<br>\r\n\r\n<!--style=\"border:1px border-radius:25px solid-->\r\n  \r\n<!-- Die Kategorie-Karten m\u00fcssen noch weiter ausgebaut werden-->\n<\/div>\n<\/div>\n\n\n\n<h2 class=\"wp-block-heading\" id=\"les-vacances-de-paques-pour-les-vacances-zone-b-2024-1377fbc8-157e-4776-a81d-2a8eac1c219c\"><strong>Les vacances de P\u00e2ques pour les vacances zone B 2025-2026<\/strong><\/h2>\n\n\n\n<p>Ces vacances marquent enfin le d\u00e9but du printemps et sont g\u00e9n\u00e9ralement tr\u00e8s attendues. Apr\u00e8s un hiver froid, la nature se r\u00e9veille et les enfants veulent en profiter. Ces vacances sont souvent synonymes de renouveau apr\u00e8s une p\u00e9riode hivernale. C\u2019est l\u2019occasion d\u2019aller profiter des premiers rayons de soleil et de profiter \u00e9galement des festivit\u00e9s de P\u00e2ques.<\/p>\n\n\n\n<h3 class=\"wp-block-heading\" id=\"profiter-des-vacances-de-paques-pour-partir-en-colonie-de-vacances-c92cd48f-de6c-46d5-a565-ff841039b2af\"><strong>Profiter des vacances de P\u00e2ques pour partir en colonie de vacances<\/strong><\/h3>\n\n\n\n<p>Avec le soleil et les temp\u00e9ratures douces qui reviennent, c\u2019est l\u2019occasion id\u00e9ale de profiter du soleil. Il y a de nombreux s\u00e9jours qui sont disponibles \u00e0 cette p\u00e9riode pour les vacances scolaires zone B 2025-2026. Vos enfants peuvent am\u00e9liorer leurs comp\u00e9tences linguistiques. Pour cela, il est possible de consulter les offres de <a href=\"https:\/\/juvigo.fr\/colos\/sejours-linguistiques-juvigo\">s\u00e9jours linguistiques Juvigo<\/a> sur cette p\u00e9riode. Les vacances de P\u00e2ques sont aussi une bonne occasion de profiter des r\u00e9ouvertures de diff\u00e9rents endroits culturels. C\u2019est une p\u00e9riode propice \u00e0 de nombreuses d\u00e9couvertes ! Cela peut \u00eatre le moment id\u00e9al pour votre enfant s&#8217; il souhaite d\u00e9couvrir de nouvelles choses.<\/p>\n\n\n\n<h3 class=\"wp-block-heading\" id=\"une-pause-avant-lete-pendant-les-vacances-de-paques-20d34d01-5dee-46c3-af6e-6dfbf0f0df64\"><strong>Une pause avant l\u2019\u00e9t\u00e9 pendant les vacances de P\u00e2ques<\/strong><\/h3>\n\n\n\n<p>Profiter de l\u2019ambiance printani\u00e8re durant les vacances de P\u00e2ques est id\u00e9al. C\u2019est une p\u00e9riode tr\u00e8s agr\u00e9able avec le retour des temp\u00e9ratures un peu plus \u00e9lev\u00e9es. On peut faire des excursions en pleine nature, des pique-niques dans le parc ou encore de belles balades \u00e0 v\u00e9lo. C\u2019est le moment de profiter des environs et de reprendre des activit\u00e9s un peu plus sportives en ext\u00e9rieur. Cette p\u00e9riode de l\u2019ann\u00e9e est aussi favorable aux divers festivals et march\u00e9s de plein air. De nombreuses f\u00eates de villages et des march\u00e9s reprennent durant cette p\u00e9riode de l\u2019ann\u00e9e ! Ils permettent de d\u00e9couvrir une nouvelle facette de la r\u00e9gion. Cela contribue \u00e0 ce que ces vacances ne soient pas seulement une p\u00e9riode de repos. Cela peut aussi \u00eatre un moment de rencontres et de d\u00e9couvertes.<\/p>\n\n\n\n<h3 class=\"wp-block-heading\" id=\"les-colonies-de-vacances-pour-paques-2024-en-zone-b-0f2a0394-9f20-4ae5-a629-23ae64458467\"><strong>Les colonies de vacances pour P\u00e2ques zone B 2025-2026<\/strong><\/h3>\n\n\n\n<div class=\"wp-block-columns is-layout-flex wp-container-core-columns-is-layout-4 wp-block-columns-is-layout-flex\">\n<div class=\"wp-block-column is-layout-flow wp-block-column-is-layout-flow\">\n<script>\r\n  document.addEventListener(\"DOMContentLoaded\", function () {\r\n    const today = new Date();\r\n    const currentYear = today.getFullYear();\r\n    const displayYear = (today.getMonth() >= 10) ? currentYear + 1 : currentYear;\r\n\r\n    document.querySelectorAll('.display-year').forEach(el => {\r\n      el.textContent = displayYear;\r\n    });\r\n  });\r\n<\/script>\r\n<div #2b2f6f;\" class=\"card\">\r\n\t\t\t<a  href=\"https:\/\/juvigo.fr\/colos\/camps-plein-air\" title=\"Camps plein air\">\r\n\t\t\t\t<img decoding=\"async\" data-src=\"https:\/\/juvigo.fr\/assets\/img\/category\/camps-plein-air-small.jpg\" src=\"data:image\/gif;base64,R0lGODlhAQABAAAAACH5BAEKAAEALAAAAAABAAEAAAICTAEAOw==\" class=\"lazyload\" \/>\r\n\t\t\t<\/a>\r\n\t\t\t<div class=\"card-content\">\r\n               <div class=\"title-wrapper\">\r\n                  <br><a  href=\"https:\/\/juvigo.fr\/colos\/camps-plein-air\" title=\"Camps plein air\"><center><h4><p class=\"camp-title\">Camps plein air <span class=\"display-year\"><\/span><\/p><\/h4><\/center><\/a>\r\n            <\/div>\r\n\t\t\t\t<div class=\"content-text\">\r\n\t\t\t\t\t<p class=\"region-info par\">\r\n                                              <center>Tous les camps en <span class=\"display-year\"><\/span> chez Juvigo !<\/center>\r\n                      <\/p>\r\n\t\t\t\t<\/div>\r\n\t\t\t<\/div>\r\n\t\t\t<span style=\"font-family:Quicksand\"><a href=\"https:\/\/juvigo.fr\/colos\/camps-plein-air\" title=\"Camps plein air\"><button class=\"btn btn-yellow card-btn col-md-12\">voir nos offres<\/button><\/a><\/span>\r\n\t\t<\/div>\r\n\t\t<br>\r\n\r\n<!--style=\"border:1px border-radius:25px solid-->\r\n  \r\n<!-- Die Kategorie-Karten m\u00fcssen noch weiter ausgebaut werden-->\n<\/div>\n\n\n\n<div class=\"wp-block-column is-layout-flow wp-block-column-is-layout-flow\">\n<script>\r\n  document.addEventListener(\"DOMContentLoaded\", function () {\r\n    const today = new Date();\r\n    const currentYear = today.getFullYear();\r\n    const displayYear = (today.getMonth() >= 10) ? currentYear + 1 : currentYear;\r\n\r\n    document.querySelectorAll('.display-year').forEach(el => {\r\n      el.textContent = displayYear;\r\n    });\r\n  });\r\n<\/script>\r\n<div #2b2f6f;\" class=\"card\">\r\n\t\t\t<a  href=\"https:\/\/juvigo.fr\/colos\/colonies-de-vacances-zoo\" title=\"Colonies de vacances dans un zoo\">\r\n\t\t\t\t<img decoding=\"async\" data-src=\"https:\/\/juvigo.fr\/assets\/img\/category\/colonies-de-vacances-zoo-small.jpg\" src=\"data:image\/gif;base64,R0lGODlhAQABAAAAACH5BAEKAAEALAAAAAABAAEAAAICTAEAOw==\" class=\"lazyload\" \/>\r\n\t\t\t<\/a>\r\n\t\t\t<div class=\"card-content\">\r\n               <div class=\"title-wrapper\">\r\n                  <br><a  href=\"https:\/\/juvigo.fr\/colos\/colonies-de-vacances-zoo\" title=\"Colonies de vacances dans un zoo\"><center><h4><p class=\"camp-title\">Colonies de vacances dans un zoo <span class=\"display-year\"><\/span><\/p><\/h4><\/center><\/a>\r\n            <\/div>\r\n\t\t\t\t<div class=\"content-text\">\r\n\t\t\t\t\t<p class=\"region-info par\">\r\n                                              <center>Tous les camps en <span class=\"display-year\"><\/span> chez Juvigo !<\/center>\r\n                      <\/p>\r\n\t\t\t\t<\/div>\r\n\t\t\t<\/div>\r\n\t\t\t<span style=\"font-family:Quicksand\"><a href=\"https:\/\/juvigo.fr\/colos\/colonies-de-vacances-zoo\" title=\"Colonies de vacances dans un zoo\"><button class=\"btn btn-yellow card-btn col-md-12\">voir nos offres<\/button><\/a><\/span>\r\n\t\t<\/div>\r\n\t\t<br>\r\n\r\n<!--style=\"border:1px border-radius:25px solid-->\r\n  \r\n<!-- Die Kategorie-Karten m\u00fcssen noch weiter ausgebaut werden-->\n<\/div>\n<\/div>\n\n\n\n<p class=\"has-trawell-txt-color has-text-color\">Si vous souhaitez avoir vue sur les vacances scolaires par zone, vous pouvez aller consulter notre article sur le <strong>calendrier des vacances scolaires<\/strong>. Vous pouvez aller voir notre offre de <a href=\"https:\/\/juvigo.fr\/colos\">colos<\/a> sur juvigo.fr ou bien nous contacter par mail au ou par t\u00e9l\u00e9phone au .<\/p>\n\n\n\n<p><\/p>\n","protected":false},"excerpt":{"rendered":"<p>Les dates de vacances scolaires zone B 2025-2026 Il est tr\u00e8s important de conna\u00eetre les dates de vacances scolaires zone B 2025-2026 pour pouvoir s\u2019organiser au mieux. Pour rappel, la zone B concerne les acad\u00e9mies de Aix-Marseille, Amiens, Lille, Nancy-Metz, Nantes, Nice, Normandie (Caen, Rouen), Orl\u00e9ans-Tours, Reims, Rennes et Strasbourg. Voici donc les dates de [&hellip;]<\/p>\n","protected":false},"author":26,"featured_media":8997,"comment_status":"open","ping_status":"closed","sticky":false,"template":"","format":"standard","meta":{"advgb_blocks_editor_width":"","advgb_blocks_columns_visual_guide":"","footnotes":"","_links_to":"","_links_to_target":""},"categories":[491],"table_tags":[],"class_list":["post-8981","post","type-post","status-publish","format-standard","has-post-thumbnail","hentry","category-vacances-scolaires"],"yoast_head":"<!-- This site is optimized with the Yoast SEO plugin v24.8.1 - https:\/\/yoast.com\/wordpress\/plugins\/seo\/ -->\n<title>Les vacances scolaires zone B 2025-2026 - Juvigo Magazine<\/title>\n<meta name=\"description\" content=\"Pour les vacances scolaires zone B 2025-2026, tu peux faire de nombreuses choses. Juvigo t\u2019aide en te donnant de l&#039;inspiration.\" \/>\n<meta name=\"robots\" content=\"index, follow, max-snippet:-1, max-image-preview:large, max-video-preview:-1\" \/>\n<link rel=\"canonical\" href=\"https:\/\/juvigo.fr\/magazine\/astuces\/vacances-scolaires\/les-vacances-scolaires-zone-b\/\" \/>\n<meta property=\"og:locale\" content=\"fr_FR\" \/>\n<meta property=\"og:type\" content=\"article\" \/>\n<meta property=\"og:title\" content=\"Les vacances scolaires zone B 2025-2026 - Juvigo Magazine\" \/>\n<meta property=\"og:description\" content=\"Pour les vacances scolaires zone B 2025-2026, tu peux faire de nombreuses choses. Juvigo t\u2019aide en te donnant de l&#039;inspiration.\" \/>\n<meta property=\"og:url\" content=\"https:\/\/juvigo.fr\/magazine\/astuces\/vacances-scolaires\/les-vacances-scolaires-zone-b\/\" \/>\n<meta property=\"og:site_name\" content=\"Magazine\" \/>\n<meta property=\"article:publisher\" content=\"https:\/\/de-de.facebook.com\/meinjuvigo\" \/>\n<meta property=\"article:published_time\" content=\"2023-10-25T10:35:12+00:00\" \/>\n<meta property=\"article:modified_time\" content=\"2025-09-25T16:16:24+00:00\" \/>\n<meta property=\"og:image\" content=\"https:\/\/juvigo.fr\/magazine\/wp-content\/uploads\/2023\/10\/D8098413-C054-4A6E-A85A-3C0E599E33B7_4_5005_c-1-e1699519910357.jpeg\" \/>\n\t<meta property=\"og:image:width\" content=\"534\" \/>\n\t<meta property=\"og:image:height\" content=\"301\" \/>\n\t<meta property=\"og:image:type\" content=\"image\/jpeg\" \/>\n<meta name=\"author\" content=\"Johanna Dambreville\" \/>\n<meta name=\"twitter:card\" content=\"summary_large_image\" \/>\n<meta name=\"twitter:creator\" content=\"@meinjuvigo\" \/>\n<meta name=\"twitter:site\" content=\"@meinjuvigo\" \/>\n<meta name=\"twitter:label1\" content=\"Written by\" \/>\n\t<meta name=\"twitter:data1\" content=\"Johanna Dambreville\" \/>\n\t<meta name=\"twitter:label2\" content=\"Est. reading time\" \/>\n\t<meta name=\"twitter:data2\" content=\"13 minutes\" \/>\n<script type=\"application\/ld+json\" class=\"yoast-schema-graph\">{\"@context\":\"https:\/\/schema.org\",\"@graph\":[{\"@type\":\"Article\",\"@id\":\"https:\/\/juvigo.fr\/magazine\/astuces\/vacances-scolaires\/les-vacances-scolaires-zone-b\/#article\",\"isPartOf\":{\"@id\":\"https:\/\/juvigo.fr\/magazine\/astuces\/vacances-scolaires\/les-vacances-scolaires-zone-b\/\"},\"author\":{\"name\":\"Johanna Dambreville\",\"@id\":\"https:\/\/juvigo.fr\/magazine\/#\/schema\/person\/1525fbe83a87a6ed0e7cf582b6764066\"},\"headline\":\"Les vacances scolaires zone B 2025-2026\",\"datePublished\":\"2023-10-25T10:35:12+00:00\",\"dateModified\":\"2025-09-25T16:16:24+00:00\",\"mainEntityOfPage\":{\"@id\":\"https:\/\/juvigo.fr\/magazine\/astuces\/vacances-scolaires\/les-vacances-scolaires-zone-b\/\"},\"wordCount\":3183,\"commentCount\":0,\"publisher\":{\"@id\":\"https:\/\/juvigo.fr\/magazine\/#organization\"},\"image\":{\"@id\":\"https:\/\/juvigo.fr\/magazine\/astuces\/vacances-scolaires\/les-vacances-scolaires-zone-b\/#primaryimage\"},\"thumbnailUrl\":\"https:\/\/juvigo.fr\/magazine\/wp-content\/uploads\/2023\/10\/D8098413-C054-4A6E-A85A-3C0E599E33B7_4_5005_c-1-e1699519910357.jpeg\",\"articleSection\":[\"Vacances scolaires\"],\"inLanguage\":\"fr\",\"potentialAction\":[{\"@type\":\"CommentAction\",\"name\":\"Comment\",\"target\":[\"https:\/\/juvigo.fr\/magazine\/astuces\/vacances-scolaires\/les-vacances-scolaires-zone-b\/#respond\"]}]},{\"@type\":\"WebPage\",\"@id\":\"https:\/\/juvigo.fr\/magazine\/astuces\/vacances-scolaires\/les-vacances-scolaires-zone-b\/\",\"url\":\"https:\/\/juvigo.fr\/magazine\/astuces\/vacances-scolaires\/les-vacances-scolaires-zone-b\/\",\"name\":\"Les vacances scolaires zone B 2025-2026 - Juvigo Magazine\",\"isPartOf\":{\"@id\":\"https:\/\/juvigo.fr\/magazine\/#website\"},\"primaryImageOfPage\":{\"@id\":\"https:\/\/juvigo.fr\/magazine\/astuces\/vacances-scolaires\/les-vacances-scolaires-zone-b\/#primaryimage\"},\"image\":{\"@id\":\"https:\/\/juvigo.fr\/magazine\/astuces\/vacances-scolaires\/les-vacances-scolaires-zone-b\/#primaryimage\"},\"thumbnailUrl\":\"https:\/\/juvigo.fr\/magazine\/wp-content\/uploads\/2023\/10\/D8098413-C054-4A6E-A85A-3C0E599E33B7_4_5005_c-1-e1699519910357.jpeg\",\"datePublished\":\"2023-10-25T10:35:12+00:00\",\"dateModified\":\"2025-09-25T16:16:24+00:00\",\"description\":\"Pour les vacances scolaires zone B 2025-2026, tu peux faire de nombreuses choses. Juvigo t\u2019aide en te donnant de l'inspiration.\",\"breadcrumb\":{\"@id\":\"https:\/\/juvigo.fr\/magazine\/astuces\/vacances-scolaires\/les-vacances-scolaires-zone-b\/#breadcrumb\"},\"inLanguage\":\"fr\",\"potentialAction\":[{\"@type\":\"ReadAction\",\"target\":[\"https:\/\/juvigo.fr\/magazine\/astuces\/vacances-scolaires\/les-vacances-scolaires-zone-b\/\"]}]},{\"@type\":\"ImageObject\",\"inLanguage\":\"fr\",\"@id\":\"https:\/\/juvigo.fr\/magazine\/astuces\/vacances-scolaires\/les-vacances-scolaires-zone-b\/#primaryimage\",\"url\":\"https:\/\/juvigo.fr\/magazine\/wp-content\/uploads\/2023\/10\/D8098413-C054-4A6E-A85A-3C0E599E33B7_4_5005_c-1-e1699519910357.jpeg\",\"contentUrl\":\"https:\/\/juvigo.fr\/magazine\/wp-content\/uploads\/2023\/10\/D8098413-C054-4A6E-A85A-3C0E599E33B7_4_5005_c-1-e1699519910357.jpeg\",\"width\":534,\"height\":301,\"caption\":\"filles qui sourient pendant les vacances scolaires zone B\"},{\"@type\":\"BreadcrumbList\",\"@id\":\"https:\/\/juvigo.fr\/magazine\/astuces\/vacances-scolaires\/les-vacances-scolaires-zone-b\/#breadcrumb\",\"itemListElement\":[{\"@type\":\"ListItem\",\"position\":1,\"name\":\"Juvigo-Magazine\",\"item\":\"https:\/\/juvigo.fr\/magazine\/\"},{\"@type\":\"ListItem\",\"position\":2,\"name\":\"Astuces\",\"item\":\"https:\/\/juvigo.fr\/magazine\/astuces\/\"},{\"@type\":\"ListItem\",\"position\":3,\"name\":\"Vacances scolaires\",\"item\":\"https:\/\/juvigo.fr\/magazine\/astuces\/vacances-scolaires\/\"},{\"@type\":\"ListItem\",\"position\":4,\"name\":\"Les vacances scolaires zone B 2025-2026\"}]},{\"@type\":\"WebSite\",\"@id\":\"https:\/\/juvigo.fr\/magazine\/#website\",\"url\":\"https:\/\/juvigo.fr\/magazine\/\",\"name\":\"Magazine\",\"description\":\"Magazine Juvigo - Ton magazine sur les colonies de vacances et s\u00e9jours linguistiques.\",\"publisher\":{\"@id\":\"https:\/\/juvigo.fr\/magazine\/#organization\"},\"potentialAction\":[{\"@type\":\"SearchAction\",\"target\":{\"@type\":\"EntryPoint\",\"urlTemplate\":\"https:\/\/juvigo.fr\/magazine\/?s={search_term_string}\"},\"query-input\":{\"@type\":\"PropertyValueSpecification\",\"valueRequired\":true,\"valueName\":\"search_term_string\"}}],\"inLanguage\":\"fr\"},{\"@type\":\"Organization\",\"@id\":\"https:\/\/juvigo.fr\/magazine\/#organization\",\"name\":\"Juvigo GmbH\",\"url\":\"https:\/\/juvigo.fr\/magazine\/\",\"logo\":{\"@type\":\"ImageObject\",\"inLanguage\":\"fr\",\"@id\":\"https:\/\/juvigo.fr\/magazine\/#\/schema\/logo\/image\/\",\"url\":\"https:\/\/juvigo.fr\/magazine\/wp-content\/uploads\/2022\/02\/magazine_logo_scaled.png\",\"contentUrl\":\"https:\/\/juvigo.fr\/magazine\/wp-content\/uploads\/2022\/02\/magazine_logo_scaled.png\",\"width\":240,\"height\":100,\"caption\":\"Juvigo GmbH\"},\"image\":{\"@id\":\"https:\/\/juvigo.fr\/magazine\/#\/schema\/logo\/image\/\"},\"sameAs\":[\"https:\/\/de-de.facebook.com\/meinjuvigo\",\"https:\/\/x.com\/meinjuvigo\",\"http:\/\/instagram.com\/juvigo_de\/\"]},{\"@type\":\"Person\",\"@id\":\"https:\/\/juvigo.fr\/magazine\/#\/schema\/person\/1525fbe83a87a6ed0e7cf582b6764066\",\"name\":\"Johanna Dambreville\",\"image\":{\"@type\":\"ImageObject\",\"inLanguage\":\"fr\",\"@id\":\"https:\/\/juvigo.fr\/magazine\/#\/schema\/person\/image\/\",\"url\":\"https:\/\/juvigo.fr\/magazine\/wp-content\/uploads\/2024\/05\/logo_1000x1000-150x150.png\",\"contentUrl\":\"https:\/\/juvigo.fr\/magazine\/wp-content\/uploads\/2024\/05\/logo_1000x1000-150x150.png\",\"caption\":\"Johanna Dambreville\"},\"url\":\"https:\/\/juvigo.fr\/magazine\/author\/johannad\/\"}]}<\/script>\n<!-- \/ Yoast SEO plugin. -->","yoast_head_json":{"title":"Les vacances scolaires zone B 2025-2026 - Juvigo Magazine","description":"Pour les vacances scolaires zone B 2025-2026, tu peux faire de nombreuses choses. Juvigo t\u2019aide en te donnant de l'inspiration.","robots":{"index":"index","follow":"follow","max-snippet":"max-snippet:-1","max-image-preview":"max-image-preview:large","max-video-preview":"max-video-preview:-1"},"canonical":"https:\/\/juvigo.fr\/magazine\/astuces\/vacances-scolaires\/les-vacances-scolaires-zone-b\/","og_locale":"fr_FR","og_type":"article","og_title":"Les vacances scolaires zone B 2025-2026 - Juvigo Magazine","og_description":"Pour les vacances scolaires zone B 2025-2026, tu peux faire de nombreuses choses. Juvigo t\u2019aide en te donnant de l'inspiration.","og_url":"https:\/\/juvigo.fr\/magazine\/astuces\/vacances-scolaires\/les-vacances-scolaires-zone-b\/","og_site_name":"Magazine","article_publisher":"https:\/\/de-de.facebook.com\/meinjuvigo","article_published_time":"2023-10-25T10:35:12+00:00","article_modified_time":"2025-09-25T16:16:24+00:00","og_image":[{"width":534,"height":301,"url":"https:\/\/juvigo.fr\/magazine\/wp-content\/uploads\/2023\/10\/D8098413-C054-4A6E-A85A-3C0E599E33B7_4_5005_c-1-e1699519910357.jpeg","type":"image\/jpeg"}],"author":"Johanna Dambreville","twitter_card":"summary_large_image","twitter_creator":"@meinjuvigo","twitter_site":"@meinjuvigo","twitter_misc":{"Written by":"Johanna Dambreville","Est. reading time":"13 minutes"},"schema":{"@context":"https:\/\/schema.org","@graph":[{"@type":"Article","@id":"https:\/\/juvigo.fr\/magazine\/astuces\/vacances-scolaires\/les-vacances-scolaires-zone-b\/#article","isPartOf":{"@id":"https:\/\/juvigo.fr\/magazine\/astuces\/vacances-scolaires\/les-vacances-scolaires-zone-b\/"},"author":{"name":"Johanna Dambreville","@id":"https:\/\/juvigo.fr\/magazine\/#\/schema\/person\/1525fbe83a87a6ed0e7cf582b6764066"},"headline":"Les vacances scolaires zone B 2025-2026","datePublished":"2023-10-25T10:35:12+00:00","dateModified":"2025-09-25T16:16:24+00:00","mainEntityOfPage":{"@id":"https:\/\/juvigo.fr\/magazine\/astuces\/vacances-scolaires\/les-vacances-scolaires-zone-b\/"},"wordCount":3183,"commentCount":0,"publisher":{"@id":"https:\/\/juvigo.fr\/magazine\/#organization"},"image":{"@id":"https:\/\/juvigo.fr\/magazine\/astuces\/vacances-scolaires\/les-vacances-scolaires-zone-b\/#primaryimage"},"thumbnailUrl":"https:\/\/juvigo.fr\/magazine\/wp-content\/uploads\/2023\/10\/D8098413-C054-4A6E-A85A-3C0E599E33B7_4_5005_c-1-e1699519910357.jpeg","articleSection":["Vacances scolaires"],"inLanguage":"fr","potentialAction":[{"@type":"CommentAction","name":"Comment","target":["https:\/\/juvigo.fr\/magazine\/astuces\/vacances-scolaires\/les-vacances-scolaires-zone-b\/#respond"]}]},{"@type":"WebPage","@id":"https:\/\/juvigo.fr\/magazine\/astuces\/vacances-scolaires\/les-vacances-scolaires-zone-b\/","url":"https:\/\/juvigo.fr\/magazine\/astuces\/vacances-scolaires\/les-vacances-scolaires-zone-b\/","name":"Les vacances scolaires zone B 2025-2026 - Juvigo Magazine","isPartOf":{"@id":"https:\/\/juvigo.fr\/magazine\/#website"},"primaryImageOfPage":{"@id":"https:\/\/juvigo.fr\/magazine\/astuces\/vacances-scolaires\/les-vacances-scolaires-zone-b\/#primaryimage"},"image":{"@id":"https:\/\/juvigo.fr\/magazine\/astuces\/vacances-scolaires\/les-vacances-scolaires-zone-b\/#primaryimage"},"thumbnailUrl":"https:\/\/juvigo.fr\/magazine\/wp-content\/uploads\/2023\/10\/D8098413-C054-4A6E-A85A-3C0E599E33B7_4_5005_c-1-e1699519910357.jpeg","datePublished":"2023-10-25T10:35:12+00:00","dateModified":"2025-09-25T16:16:24+00:00","description":"Pour les vacances scolaires zone B 2025-2026, tu peux faire de nombreuses choses. Juvigo t\u2019aide en te donnant de l'inspiration.","breadcrumb":{"@id":"https:\/\/juvigo.fr\/magazine\/astuces\/vacances-scolaires\/les-vacances-scolaires-zone-b\/#breadcrumb"},"inLanguage":"fr","potentialAction":[{"@type":"ReadAction","target":["https:\/\/juvigo.fr\/magazine\/astuces\/vacances-scolaires\/les-vacances-scolaires-zone-b\/"]}]},{"@type":"ImageObject","inLanguage":"fr","@id":"https:\/\/juvigo.fr\/magazine\/astuces\/vacances-scolaires\/les-vacances-scolaires-zone-b\/#primaryimage","url":"https:\/\/juvigo.fr\/magazine\/wp-content\/uploads\/2023\/10\/D8098413-C054-4A6E-A85A-3C0E599E33B7_4_5005_c-1-e1699519910357.jpeg","contentUrl":"https:\/\/juvigo.fr\/magazine\/wp-content\/uploads\/2023\/10\/D8098413-C054-4A6E-A85A-3C0E599E33B7_4_5005_c-1-e1699519910357.jpeg","width":534,"height":301,"caption":"filles qui sourient pendant les vacances scolaires zone B"},{"@type":"BreadcrumbList","@id":"https:\/\/juvigo.fr\/magazine\/astuces\/vacances-scolaires\/les-vacances-scolaires-zone-b\/#breadcrumb","itemListElement":[{"@type":"ListItem","position":1,"name":"Juvigo-Magazine","item":"https:\/\/juvigo.fr\/magazine\/"},{"@type":"ListItem","position":2,"name":"Astuces","item":"https:\/\/juvigo.fr\/magazine\/astuces\/"},{"@type":"ListItem","position":3,"name":"Vacances scolaires","item":"https:\/\/juvigo.fr\/magazine\/astuces\/vacances-scolaires\/"},{"@type":"ListItem","position":4,"name":"Les vacances scolaires zone B 2025-2026"}]},{"@type":"WebSite","@id":"https:\/\/juvigo.fr\/magazine\/#website","url":"https:\/\/juvigo.fr\/magazine\/","name":"Magazine","description":"Magazine Juvigo - Ton magazine sur les colonies de vacances et s\u00e9jours linguistiques.","publisher":{"@id":"https:\/\/juvigo.fr\/magazine\/#organization"},"potentialAction":[{"@type":"SearchAction","target":{"@type":"EntryPoint","urlTemplate":"https:\/\/juvigo.fr\/magazine\/?s={search_term_string}"},"query-input":{"@type":"PropertyValueSpecification","valueRequired":true,"valueName":"search_term_string"}}],"inLanguage":"fr"},{"@type":"Organization","@id":"https:\/\/juvigo.fr\/magazine\/#organization","name":"Juvigo GmbH","url":"https:\/\/juvigo.fr\/magazine\/","logo":{"@type":"ImageObject","inLanguage":"fr","@id":"https:\/\/juvigo.fr\/magazine\/#\/schema\/logo\/image\/","url":"https:\/\/juvigo.fr\/magazine\/wp-content\/uploads\/2022\/02\/magazine_logo_scaled.png","contentUrl":"https:\/\/juvigo.fr\/magazine\/wp-content\/uploads\/2022\/02\/magazine_logo_scaled.png","width":240,"height":100,"caption":"Juvigo GmbH"},"image":{"@id":"https:\/\/juvigo.fr\/magazine\/#\/schema\/logo\/image\/"},"sameAs":["https:\/\/de-de.facebook.com\/meinjuvigo","https:\/\/x.com\/meinjuvigo","http:\/\/instagram.com\/juvigo_de\/"]},{"@type":"Person","@id":"https:\/\/juvigo.fr\/magazine\/#\/schema\/person\/1525fbe83a87a6ed0e7cf582b6764066","name":"Johanna Dambreville","image":{"@type":"ImageObject","inLanguage":"fr","@id":"https:\/\/juvigo.fr\/magazine\/#\/schema\/person\/image\/","url":"https:\/\/juvigo.fr\/magazine\/wp-content\/uploads\/2024\/05\/logo_1000x1000-150x150.png","contentUrl":"https:\/\/juvigo.fr\/magazine\/wp-content\/uploads\/2024\/05\/logo_1000x1000-150x150.png","caption":"Johanna Dambreville"},"url":"https:\/\/juvigo.fr\/magazine\/author\/johannad\/"}]}},"author_meta":{"display_name":"Johanna Dambreville","author_link":"https:\/\/juvigo.fr\/magazine\/author\/johannad\/"},"featured_img":"https:\/\/juvigo.fr\/magazine\/wp-content\/uploads\/2023\/10\/D8098413-C054-4A6E-A85A-3C0E599E33B7_4_5005_c-1-e1699519910357-300x169.jpeg","wps_subtitle":"","coauthors":[],"tax_additional":{"categories":{"linked":["<a href=\"https:\/\/juvigo.fr\/magazine\/astuces\/vacances-scolaires\/\" class=\"advgb-post-tax-term\">Vacances scolaires<\/a>"],"unlinked":["<span class=\"advgb-post-tax-term\">Vacances scolaires<\/span>"]}},"comment_count":"0","relative_dates":{"created":"Posted 3 years ago","modified":"Updated 7 months ago"},"absolute_dates":{"created":"Posted on 25-10-2023","modified":"Updated on 25-09-2025"},"absolute_dates_time":{"created":"Posted on 25-10-2023 12:35","modified":"Updated on 25-09-2025 18:16"},"featured_img_caption":"","series_order":"","_links":{"self":[{"href":"https:\/\/juvigo.fr\/magazine\/wp-json\/wp\/v2\/posts\/8981","targetHints":{"allow":["GET"]}}],"collection":[{"href":"https:\/\/juvigo.fr\/magazine\/wp-json\/wp\/v2\/posts"}],"about":[{"href":"https:\/\/juvigo.fr\/magazine\/wp-json\/wp\/v2\/types\/post"}],"author":[{"embeddable":true,"href":"https:\/\/juvigo.fr\/magazine\/wp-json\/wp\/v2\/users\/26"}],"replies":[{"embeddable":true,"href":"https:\/\/juvigo.fr\/magazine\/wp-json\/wp\/v2\/comments?post=8981"}],"version-history":[{"count":21,"href":"https:\/\/juvigo.fr\/magazine\/wp-json\/wp\/v2\/posts\/8981\/revisions"}],"predecessor-version":[{"id":11105,"href":"https:\/\/juvigo.fr\/magazine\/wp-json\/wp\/v2\/posts\/8981\/revisions\/11105"}],"wp:featuredmedia":[{"embeddable":true,"href":"https:\/\/juvigo.fr\/magazine\/wp-json\/wp\/v2\/media\/8997"}],"wp:attachment":[{"href":"https:\/\/juvigo.fr\/magazine\/wp-json\/wp\/v2\/media?parent=8981"}],"wp:term":[{"taxonomy":"category","embeddable":true,"href":"https:\/\/juvigo.fr\/magazine\/wp-json\/wp\/v2\/categories?post=8981"},{"taxonomy":"table_tags","embeddable":true,"href":"https:\/\/juvigo.fr\/magazine\/wp-json\/wp\/v2\/table_tags?post=8981"}],"curies":[{"name":"wp","href":"https:\/\/api.w.org\/{rel}","templated":true}]}}