{"id":8810,"date":"2023-10-13T15:54:25","date_gmt":"2023-10-13T13:54:25","guid":{"rendered":"https:\/\/juvigo.fr\/magazine\/?p=8810"},"modified":"2025-09-25T18:15:30","modified_gmt":"2025-09-25T16:15:30","slug":"ou-aller-lors-des-vacances-scolaires","status":"publish","type":"post","link":"https:\/\/juvigo.fr\/magazine\/astuces\/vacances-scolaires\/ou-aller-lors-des-vacances-scolaires\/","title":{"rendered":"O\u00f9 aller lors des vacances scolaires 2025-2026 ?"},"content":{"rendered":"\n<p>M\u00eame si l&#8217;\u00e9cole et le temps pass\u00e9 avec les amis sont agr\u00e9ables, tous les enfants et les adolescents attendent les vacances avec impatience. Qu&#8217;il s&#8217;agisse de partir en <a href=\"https:\/\/juvigo.fr\/colos-ete\">colo d&#8217;\u00e9t\u00e9<\/a>, en colonie <a href=\"https:\/\/juvigo.fr\/colos\/colonies-paques\">P\u00e2ques<\/a>, en <a href=\"https:\/\/juvigo.fr\/colonies-de-vacances-hiver\">hiver<\/a>, pour <a href=\"https:\/\/juvigo.fr\/colos\/colonies-de-vacances-automne\">l&#8217;automne<\/a> ou des vacances de <a href=\"https:\/\/juvigo.fr\/colos\/colonies-de-vacances-noel\">No\u00ebl<\/a>, il est important de savoir les vacances scolaires 2025-2026 pour l&#8217;organisation. Tu trouveras les dates des vacances scolaires dans le tableau ci-dessous.<\/p>\n\n\n\n<h3 class=\"wp-block-heading\">Tableau des vacances scolaires 2025-2026<\/h3>\n\n\n\n<table class=\"wp-block-advgb-table advgb-table-frontend is-style-stripes\"><thead><tr><th style=\"background-color:#f99420;color:#ffffff;text-align:center;vertical-align:middle;padding-top:10px;padding-bottom:10px;border-top-color:#000;border-right-color:#000;border-bottom-color:#000;border-left-color:#000;border-width:1px\"><strong>ZONE<\/strong><\/th><th style=\"background-color:#f99420;color:#ffffff;text-align:center;vertical-align:middle;padding-top:10px;padding-bottom:10px;border-top-color:#000;border-right-color:#000;border-bottom-color:#000;border-left-color:#000;border-width:1px\"><strong>TOUSSAINT<\/strong><\/th><th style=\"background-color:#f99420;color:#ffffff;text-align:center;vertical-align:middle;padding-top:10px;padding-bottom:10px;border-top-color:#000;border-right-color:#000;border-bottom-color:#000;border-left-color:#000;border-width:1px\"><strong>NO\u00cbL<\/strong><\/th><th style=\"background-color:#f99420;color:#ffffff;text-align:center;vertical-align:middle;padding-top:10px;padding-bottom:10px;border-top-color:#000;border-right-color:#000;border-bottom-color:#000;border-left-color:#000;border-width:1px\"><strong>HIVER<\/strong><\/th><th style=\"background-color:#f99420;color:#ffffff;text-align:center;vertical-align:middle;padding-top:10px;padding-bottom:10px;border-top-color:#000;border-right-color:#000;border-bottom-color:#000;border-left-color:#000;border-width:1px\"><strong>P\u00c2QUES<\/strong><\/th><th style=\"background-color:#f99420;color:#ffffff;text-align:center;vertical-align:middle;border-top-color:#000;border-right-color:#000;border-bottom-color:#000;border-left-color:#000;border-width:1px\"><strong>\u00c9T\u00c9<\/strong><\/th><\/tr><\/thead><tbody><tr><td style=\"text-align:center;vertical-align:middle;border-top-color:#000;border-right-color:#000;border-bottom-color:#000;border-left-color:#000;border-width:1px;color:#1f214d\"><strong>ZONE A<\/strong><\/td><td style=\"text-align:center;vertical-align:middle;border-top-color:#000;border-right-color:#000;border-bottom-color:#000;border-left-color:#000;border-width:1px;color:#1f214d\"><br>18\/10\/2025<br>&#8211;<br>03\/11\/2025<br><\/td><td style=\"text-align:center;vertical-align:middle;border-top-color:#000;border-right-color:#000;border-bottom-color:#000;border-left-color:#000;border-width:1px;color:#1f214d\"><br>20\/12\/2025<br>&#8211;<br>05\/01\/2026<br><\/td><td style=\"text-align:center;vertical-align:middle;border-top-color:#000;border-right-color:#000;border-bottom-color:#000;border-left-color:#000;border-width:1px;color:#1f214d\"><br>07\/02\/2026<br>&#8211;<br>23\/02\/2026<br><\/td><td style=\"text-align:center;vertical-align:middle;border-top-color:#000;border-right-color:#000;border-bottom-color:#000;border-left-color:#000;border-width:1px;color:#1f214d\"><br>04\/04\/2026<br>&#8211;<br>20\/04\/2026<br><\/td><td style=\"text-align:center;vertical-align:middle;border-top-color:#000;border-right-color:#000;border-bottom-color:#000;border-left-color:#000;border-width:1px;color:#1f214d\"><br>04\/07\/2026<br>&#8211;<br>01\/09\/2026<br><\/td><\/tr><tr><td style=\"text-align:center;vertical-align:middle;border-top-color:#000;border-right-color:#000;border-bottom-color:#000;border-left-color:#000;border-width:1px;color:#1f214d\"><strong>ZONE B<\/strong><\/td><td style=\"text-align:center;vertical-align:middle;border-top-color:#000;border-right-color:#000;border-bottom-color:#000;border-left-color:#000;border-width:1px;color:#1f214d\"><br>18\/10\/2025<br>&#8211;<br>03\/11\/2025<br><\/td><td style=\"text-align:center;vertical-align:middle;border-top-color:#000;border-right-color:#000;border-bottom-color:#000;border-left-color:#000;border-width:1px;color:#1f214d\"><br>20\/12\/2025<br>&#8211;<br>05\/01\/2026<br><\/td><td style=\"text-align:center;vertical-align:middle;border-top-color:#000;border-right-color:#000;border-bottom-color:#000;border-left-color:#000;border-width:1px;color:#1f214d\"><br>14\/02\/2026<br>&#8211;<br>03\/02\/2026<br><\/td><td style=\"text-align:center;vertical-align:middle;border-top-color:#000;border-right-color:#000;border-bottom-color:#000;border-left-color:#000;border-width:1px;color:#1f214d\"><br>11\/04\/2026<br>&#8211;<br>27\/04\/2026<br><\/td><td style=\"text-align:center;vertical-align:middle;border-top-color:#000;border-right-color:#000;border-bottom-color:#000;border-left-color:#000;border-width:1px;color:#1f214d\"><br>04\/07\/2026<br>&#8211;<br>01\/09\/2026<br><\/td><\/tr><tr><td style=\"text-align:center;vertical-align:middle;border-top-color:#000;border-right-color:#000;border-bottom-color:#000;border-left-color:#000;border-width:1px;color:#1f214d\"><strong>ZONE C<\/strong><\/td><td style=\"text-align:center;vertical-align:middle;border-top-color:#000;border-right-color:#000;border-bottom-color:#000;border-left-color:#000;border-width:1px;color:#1f214d\"><br>18\/10\/2025<br>&#8211;<br>03\/11\/2025<br><\/td><td style=\"text-align:center;vertical-align:middle;border-top-color:#000;border-right-color:#000;border-bottom-color:#000;border-left-color:#000;border-width:1px;color:#1f214d\"><br>20\/12\/2025<br>&#8211;<br>05\/01\/2026<br><\/td><td style=\"text-align:center;vertical-align:middle;border-top-color:#000;border-right-color:#000;border-bottom-color:#000;border-left-color:#000;border-width:1px;color:#1f214d\"><br>21\/02\/2026<br>&#8211;<br>09\/02\/2026<br><\/td><td style=\"text-align:center;vertical-align:middle;border-top-color:#000;border-right-color:#000;border-bottom-color:#000;border-left-color:#000;border-width:1px;color:#1f214d\"><br>18\/04\/2026<br>&#8211;<br>04\/05\/2026<br><\/td><td style=\"text-align:center;vertical-align:middle;border-top-color:#000;border-right-color:#000;border-bottom-color:#000;border-left-color:#000;border-width:1px;color:#1f214d\"><br>04\/07\/2026<br>&#8211;<br>01\/09\/2026<br><\/td><\/tr><tr><td style=\"text-align:center;vertical-align:middle;border-top-color:#000;border-right-color:#000;border-bottom-color:#000;border-left-color:#000;border-width:1px;color:#1f214d\"><strong>CORSE<\/strong><\/td><td style=\"text-align:center;vertical-align:middle;border-top-color:#000;border-right-color:#000;border-bottom-color:#000;border-left-color:#000;border-width:1px;color:#1f214d\"><br>18\/10\/2025<br>&#8211;<br>03\/11\/2025<br><\/td><td style=\"text-align:center;vertical-align:middle;border-top-color:#000;border-right-color:#000;border-bottom-color:#000;border-left-color:#000;border-width:1px;color:#1f214d\"><br>20\/12\/2025<br>&#8211;<br>05\/01\/2026<br><\/td><td style=\"text-align:center;vertical-align:middle;border-top-color:#000;border-right-color:#000;border-bottom-color:#000;border-left-color:#000;border-width:1px;color:#1f214d\"><br>14\/02\/2026<br>&#8211;<br>03\/02\/2026<br><\/td><td style=\"text-align:center;vertical-align:middle;border-top-color:#000;border-right-color:#000;border-bottom-color:#000;border-left-color:#000;border-width:1px;color:#1f214d\"><br>11\/04\/2026<br>&#8211;<br>27\/05\/2026<br><\/td><td style=\"text-align:center;vertical-align:middle;border-top-color:#000;border-right-color:#000;border-bottom-color:#000;border-left-color:#000;border-width:1px;color:#1f214d\"><br>04\/07\/2026<br>&#8211;<br>01\/09\/2026<br><\/td><\/tr><tr><td style=\"text-align:center;vertical-align:middle;border-top-color:#000;border-right-color:#000;border-bottom-color:#000;border-left-color:#000;border-width:1px;color:#1f214d\"><strong>GUADELOUPE<\/strong><\/td><td style=\"text-align:center;vertical-align:middle;border-top-color:#000;border-right-color:#000;border-bottom-color:#000;border-left-color:#000;border-width:1px;color:#1f214d\"><br>18\/10\/2025<br>&#8211;<br>03\/11\/2025<br><\/td><td style=\"text-align:center;vertical-align:middle;border-top-color:#000;border-right-color:#000;border-bottom-color:#000;border-left-color:#000;border-width:1px;color:#1f214d\"><br>20\/12\/2025<br>&#8211;<br>05\/01\/2026<br><\/td><td style=\"text-align:center;vertical-align:middle;border-top-color:#000;border-right-color:#000;border-bottom-color:#000;border-left-color:#000;border-width:1px;color:#1f214d\"><br>07\/02\/2026<br>&#8211;<br>23\/02\/2026<br><\/td><td style=\"text-align:center;vertical-align:middle;border-top-color:#000;border-right-color:#000;border-bottom-color:#000;border-left-color:#000;border-width:1px;color:#1f214d\"><br>02\/04\/2026<br>&#8211;<br>20\/04\/2026<br><\/td><td style=\"text-align:center;vertical-align:middle;border-top-color:#000;border-right-color:#000;border-bottom-color:#000;border-left-color:#000;border-width:1px;color:#1f214d\"><br>04\/07\/2026<br>&#8211;<br>01\/09\/2026<br><\/td><\/tr><tr><td style=\"text-align:center;vertical-align:middle;border-top-color:#000;border-right-color:#000;border-bottom-color:#000;border-left-color:#000;border-width:1px;color:#1f214d\"><strong>MARTINIQUE<\/strong><\/td><td style=\"text-align:center;vertical-align:middle;border-top-color:#000;border-right-color:#000;border-bottom-color:#000;border-left-color:#000;border-width:1px;color:#1f214d\"><br>18\/10\/2025<br>&#8211;<br>03\/11\/2025<br><\/td><td style=\"text-align:center;vertical-align:middle;border-top-color:#000;border-right-color:#000;border-bottom-color:#000;border-left-color:#000;border-width:1px;color:#1f214d\"><br>20\/12\/2025<br>&#8211;<br>05\/01\/2026<br><\/td><td style=\"text-align:center;vertical-align:middle;border-top-color:#000;border-right-color:#000;border-bottom-color:#000;border-left-color:#000;border-width:1px;color:#1f214d\"><br>07\/02\/2026<br>&#8211;<br>23\/02\/2026<br><\/td><td style=\"text-align:center;vertical-align:middle;border-top-color:#000;border-right-color:#000;border-bottom-color:#000;border-left-color:#000;border-width:1px;color:#1f214d\"><br>28\/03\/2026<br>&#8211;<br>13\/04\/2026<br><\/td><td style=\"text-align:center;vertical-align:middle;border-top-color:#000;border-right-color:#000;border-bottom-color:#000;border-left-color:#000;border-width:1px;color:#1f214d\"><br>04\/07\/2026<br>&#8211;<br>01\/09\/2026<br><\/td><\/tr><tr><td style=\"text-align:center;vertical-align:middle;border-top-color:#000;border-right-color:#000;border-bottom-color:#000;border-left-color:#000;border-width:1px;color:#1f214d\"><strong>GUYANE<\/strong><\/td><td style=\"text-align:center;vertical-align:middle;border-top-color:#000;border-right-color:#000;border-bottom-color:#000;border-left-color:#000;border-width:1px;color:#1f214d\"><br>18\/10\/2025<br>&#8211;<br>03\/11\/2025<br><\/td><td style=\"text-align:center;vertical-align:middle;border-top-color:#000;border-right-color:#000;border-bottom-color:#000;border-left-color:#000;border-width:1px;color:#1f214d\"><br>20\/12\/2025<br>&#8211;<br>05\/01\/2026<br><\/td><td style=\"text-align:center;vertical-align:middle;border-top-color:#000;border-right-color:#000;border-bottom-color:#000;border-left-color:#000;border-width:1px;color:#1f214d\"><br>07\/02\/2026<br>&#8211;<br>23\/02\/2026<br><\/td><td style=\"text-align:center;vertical-align:middle;border-top-color:#000;border-right-color:#000;border-bottom-color:#000;border-left-color:#000;border-width:1px;color:#1f214d\"><br>01\/04\/2026<br>&#8211;<br>16\/05\/2026<br><\/td><td style=\"text-align:center;vertical-align:middle;border-top-color:#000;border-right-color:#000;border-bottom-color:#000;border-left-color:#000;border-width:1px;color:#1f214d\"><br>04\/07\/2026<br>&#8211;<br>01\/09\/2026<br><\/td><\/tr><tr><td style=\"text-align:center;vertical-align:middle;border-top-color:#000;border-right-color:#000;border-bottom-color:#000;border-left-color:#000;border-width:1px;color:#1f214d\"><strong>LA R\u00c9UNION<\/strong><\/td><td style=\"text-align:center;vertical-align:middle;border-top-color:#000;border-right-color:#000;border-bottom-color:#000;border-left-color:#000;border-width:1px;color:#1f214d\"><br>11\/10\/2025<br>&#8211;<br>27\/10\/2025<br><\/td><td style=\"text-align:center;vertical-align:middle;border-top-color:#000;border-right-color:#000;border-bottom-color:#000;border-left-color:#000;border-width:1px;color:#1f214d\"><br>19\/12\/2025<br>&#8211;<br>21\/01\/2026<br><\/td><td style=\"text-align:center;vertical-align:middle;border-top-color:#000;border-right-color:#000;border-bottom-color:#000;border-left-color:#000;border-width:1px;color:#1f214d\"><br>28\/02\/2026<br>&#8211;<br>16\/03\/2026<br><\/td><td style=\"text-align:center;vertical-align:middle;border-top-color:#000;border-right-color:#000;border-bottom-color:#000;border-left-color:#000;border-width:1px;color:#1f214d\"><br>02\/05\/2026<br>&#8211;<br>18\/05\/2026<br><\/td><td style=\"text-align:center;vertical-align:middle;border-top-color:#000;border-right-color:#000;border-bottom-color:#000;border-left-color:#000;border-width:1px;color:#1f214d\"><br>04\/07\/2026<br>&#8211;<br>01\/09\/2026<br><\/td><\/tr><tr><td style=\"text-align:center;vertical-align:middle;border-top-color:#000;border-right-color:#000;border-bottom-color:#000;border-left-color:#000;border-width:1px;color:#1f214d\"><strong>MAYOTTE<\/strong><\/td><td style=\"text-align:center;vertical-align:middle;border-top-color:#000;border-right-color:#000;border-bottom-color:#000;border-left-color:#000;border-width:1px;color:#1f214d\"><br>11\/10\/2025<br>&#8211;<br>27\/11\/2025<br><\/td><td style=\"text-align:center;vertical-align:middle;border-top-color:#000;border-right-color:#000;border-bottom-color:#000;border-left-color:#000;border-width:1px;color:#1f214d\"><br>13\/12\/2025<br>&#8211;<br>12\/01\/2026<br><\/td><td style=\"text-align:center;vertical-align:middle;border-top-color:#000;border-right-color:#000;border-bottom-color:#000;border-left-color:#000;border-width:1px;color:#1f214d\"><br>28\/02\/2026<br>&#8211;<br>09\/03\/2026<br><\/td><td style=\"text-align:center;vertical-align:middle;border-top-color:#000;border-right-color:#000;border-bottom-color:#000;border-left-color:#000;border-width:1px;color:#1f214d\"><br>30\/04\/2026<br>&#8211;<br>18\/05\/2026<br><\/td><td style=\"text-align:center;vertical-align:middle;border-top-color:#000;border-right-color:#000;border-bottom-color:#000;border-left-color:#000;border-width:1px;color:#1f214d\"><br>04\/07\/2026<br>&#8211;<br>01\/09\/2026<br><\/td><\/tr><\/tbody><\/table>\n\n\n\n<h2 class=\"wp-block-heading\" id=\"vacances-scolaires-20252026-en-auvergne-rhone-alpes-0fe6ff55-3a7e-4336-9751-a03ac88a09b2\"><strong>Vacances scolaires 2025-2026 en Auvergne Rh\u00f4ne Alpes<\/strong><\/h2>\n\n\n\n<p>Constitu\u00e9e de 12 d\u00e9partements (Allier, <a href=\"https:\/\/juvigo.fr\/colos\/colonies-de-vacances-puy-de-dome\">Puy-de-D\u00f4me<\/a>, Cantal, Loire, <a href=\"https:\/\/juvigo.fr\/colos\/colonies-de-vacances-haute-loire\">Haute-Loire<\/a>, Rh\u00f4ne, <a href=\"https:\/\/juvigo.fr\/colos\/colonies-de-vacances-ain\">Ain<\/a>, <a href=\"https:\/\/juvigo.fr\/colos\/colonies-de-vacances-haute-savoie\">Haute-Savoie<\/a>, <a href=\"https:\/\/juvigo.fr\/colos\/colonies-de-vacances-savoie\">Savoie<\/a>, <a href=\"https:\/\/juvigo.fr\/colos\/colonies-de-vacances-isere\">Is\u00e8re<\/a>, <a href=\"https:\/\/juvigo.fr\/colos\/colonies-de-vacances-drome\">Dr\u00f4me<\/a>, <a href=\"https:\/\/juvigo.fr\/colos\/colonies-de-vacances-ardeche\">Ard\u00e8che<\/a>), la r\u00e9gion <a href=\"https:\/\/juvigo.fr\/colos\/colonies-de-vacances-auvergne-rhone-alpes\">Auvergne Rh\u00f4ne Alpes<\/a> a beaucoup \u00e0 offrir. C\u2019est une r\u00e9gion qui est propice \u00e0 de nombreuses activit\u00e9s et permet de passer des vacances scolaires 2025-2026 inoubliables. Vous pouvez par exemple y d\u00e9couvrir la ville de <a href=\"https:\/\/juvigo.fr\/colos\/colonies-de-vacances-lyon\">Lyon<\/a>, chef-lieu de la r\u00e9gion. Si vous souhaitez partir d\u00e9couvrir les environs du Mont Blanc, vous pouvez opter pour une <a href=\"https:\/\/juvigo.fr\/colos\/colonies-ski-alpes\">colonie de vacances ski Alpes<\/a> pendant la p\u00e9riode hivernale. Il est possible de faire pleins d\u2019activit\u00e9s dans cette r\u00e9gion, comme par exemple partir en <a href=\"https:\/\/juvigo.fr\/colos\/colonies-kayak\">stage kayak<\/a> dans les gorges de la Sioule ou encore en <a href=\"https:\/\/juvigo.fr\/colos\/colonies-de-vacances-natation\">colonie de vacances natation<\/a> pr\u00e8s du lac d\u2019Annecy.<\/p>\n\n\n\n<p>Si apr\u00e8s avoir vu les dates vacances scolaires 2025-2026, tu d\u00e9cides de partir dans le Puy-de-D\u00f4me, tu pourrais profiter d\u2019une <a href=\"https:\/\/juvigo.fr\/colos\/colonies-chiens\">colonie de vacances avec chiens<\/a> \u00e0 la Bourboule par exemple. Pouvoir faire du cani rando ou encore partir en <a href=\"https:\/\/juvigo.fr\/colos\/colonies-de-vacances-chiens-de-traineau\">colonie de vacances chiens de traineau<\/a> est parfait dans les paysages enneig\u00e9s de ce d\u00e9partement. Si tu souhaites un <a href=\"https:\/\/juvigo.fr\/colos\/camps-aventure\">camp d\u2019aventure<\/a>, tu pourras opter pour une <a href=\"https:\/\/juvigo.fr\/colos\/colonies-de-vacances-karting\">colonie de vacances karting<\/a> parmi de nombreux choix dans les environs.<\/p>\n\n\n\n<h2 class=\"wp-block-heading\" id=\"le-paradis-pour-les-fans-de-nature-en-hauteloire-hautesavoie-et-lozere--1390de15-8ce5-425b-9419-6e92068ae50f\">Le paradis pour les fans de nature en Haute-Loire, Haute-Savoie et Loz\u00e8re <\/h2>\n\n\n\n<p>Si tu souhaites opter pour la Haute-Loire pour les vacances scolaires 2025-2026, tu pourras d\u00e9couvrir un paysage riche avec ses ch\u00e2teaux m\u00e9di\u00e9vaux et ses beaux lacs volcaniques. Riche en tr\u00e9sors naturels, ce d\u00e9partement est aussi id\u00e9al pour d\u00e9couvrir une belle <a href=\"https:\/\/juvigo.fr\/colos\/colonies-de-vacances-a-la-ferme\">colonie de vacances \u00e0 la ferme<\/a> pour les prochaines vacances.<\/p>\n\n\n\n<p>La Loz\u00e8re est aussi tr\u00e8s populaire pour les fans de nature. En effet, le d\u00e9partement est entour\u00e9 de 3 parcs nationaux qui en font une destination de choix pour les vacances scolaires 2025 france. C\u2019est pour cela que c\u2019est l\u2019endroit id\u00e9al pour partir en <a href=\"https:\/\/juvigo.fr\/colos\/colonies-de-vacances-multi-activites\">colonie de vacances multi-activit\u00e9s<\/a>.<\/p>\n\n\n\n<p>La r\u00e9gion de la Haute-Savoie regorge d\u2019endroits populaires qui peuvent convenir pour un s\u00e9jour lorsque vous avez vos dates vacances scolaires 2025-2026. Il vous serait par exemple d\u2019aller d\u00e9couvrir le Lac L\u00e9man \u00e0 travers un <a href=\"https:\/\/juvigo.fr\/camps-ete\">camp d\u2019\u00e9t\u00e9<\/a>. Vous pourriez y pratiquer un <a href=\"https:\/\/juvigo.fr\/colos\/sejours-linguistiques-anglais-et-foot\">s\u00e9jour linguistique anglais et foot<\/a> pr\u00e8s de la fronti\u00e8re pour vous am\u00e9liorer dans ces deux domaines.<\/p>\n\n\n\n<h2 class=\"wp-block-heading\" id=\"partir-en-bourgogne-franche-comte-pour-les-vacances-scolaires-annee-20252026-7bd8fc8d-3cf0-41d8-89e3-c18fb1d866ac\"><strong>Partir en Bourgogne Franche Comt\u00e9 pour les vacances scolaires ann\u00e9e 2025-2026<\/strong><\/h2>\n\n\n\n<p>La r\u00e9gion Bourgogne<a href=\"https:\/\/juvigo.fr\/colos\/colonies-de-vacances-bourgogne-franche-comte\"> Franche Comt\u00e9<\/a> contient 8 d\u00e9partements (<a href=\"https:\/\/juvigo.fr\/colos\/colonies-de-vacances-cote-d-or\">C\u00f4te d\u2019or<\/a>, <a href=\"https:\/\/juvigo.fr\/colos\/colonies-de-vacances-doubs\">Doubs<\/a>, <a href=\"https:\/\/juvigo.fr\/colos\/colonies-de-vacances-jura\">Jura<\/a>, Ni\u00e8vre, Haute-Sa\u00f4ne, <a href=\"https:\/\/juvigo.fr\/colos\/colonies-de-vacances-saone-et-loire\">Sa\u00f4ne et loire<\/a>, <a href=\"https:\/\/juvigo.fr\/colos\/colonies-de-vacances-yonne\">Yonne<\/a> et Territoire de Belfort) b\u00e9n\u00e9ficie d\u2019une place privil\u00e9gi\u00e9e pr\u00e8s des fronti\u00e8res de la Suisse. Pouvoir partir en <a href=\"https:\/\/juvigo.fr\/colos\/colonies-de-vacances-suisse\">colonie de vacances<\/a> ou <a href=\"https:\/\/juvigo.fr\/colos\/sejours-linguistiques-suisse\">s\u00e9jour linguistique<\/a> en Suisse est chose facile dans cette r\u00e9gion. Avec de nombreux sites inscrits au patrimoine de l\u2019UNESCO, cette r\u00e9gion va faire r\u00eaver les passionn\u00e9s d\u2019histoire et de d\u00e9couvertes. Pourquoi ne pas en profiter pour aller d\u00e9couvrir <a href=\"https:\/\/juvigo.fr\/colos\/colonies-de-vacances-dijon\">Dijon<\/a> par exemple ?<\/p>\n\n\n\n<p>Partir en vacances scolaires 2025-2026 pour aller dans le Doubs peut \u00eatre un choix int\u00e9ressant. Vous pourriez profiter du magnifique valais suisse pendant la pratique d\u2019un <a href=\"https:\/\/juvigo.fr\/colos\/sejours-linguistiques-allemand\">s\u00e9jour linguistique allemand<\/a> par exemple. De nombreuses attractions sont possibles autour de cette r\u00e9gion, comme le parc zoologique de la Citadelle pr\u00e8s de Besan\u00e7on.&nbsp;<\/p>\n\n\n\n<p>Si vous optez pour le Jura pour les vacances scolaires 2025-2026, vous aurez le choix d\u2019activit\u00e9s autour d\u2019une <a href=\"https:\/\/juvigo.fr\/colos\/colonies-de-vacances-montagne\">colonie de vacances montagne<\/a>. Vous pourrez profiter des environs montagneuses pour pratiquer une <a href=\"https:\/\/juvigo.fr\/colos\/colonies-de-vacances-sport-d-hiver\">colonie de vacances sport d\u2019hiver<\/a> pour ceux qui souhaitent tester plusieurs activit\u00e9s. Si tu souhaites tout simplement partir en <a href=\"https:\/\/juvigo.fr\/colos-ski\">colo ski<\/a> ou <a href=\"https:\/\/juvigo.fr\/colos\/stages-snowboard\">stage snowboard ado<\/a>, tu devrais y trouver ton bonheur \u00e9galement.<br>Situ\u00e9 pr\u00e8s de <a href=\"https:\/\/juvigo.fr\/colos\/colonies-de-vacances-paris\">Paris<\/a>, le d\u00e9partement de l\u2019Yonne est tr\u00e8s populaire pour partir \u00e0 l\u2019aventure sans trop s\u2019\u00e9loigner de la capitale. Pour ceux qui le souhaitent, il est possible de d\u00e9couvrir de nombreuses possibilit\u00e9s dans ce d\u00e9partement. Vous pouvez par exemple partir en <a href=\"https:\/\/juvigo.fr\/colos\/camps-equitation\" target=\"_blank\" rel=\"noreferrer noopener\">camp de vacances \u00e9quitation<\/a>, <a href=\"https:\/\/juvigo.fr\/colos\/colonies-cuisine\">cuisine<\/a>, <a href=\"https:\/\/juvigo.fr\/colos\/colonies-de-vacances-scientifiques\">scientifique<\/a>, <a href=\"https:\/\/juvigo.fr\/colos\/colonies-quad\">quad<\/a>, <a href=\"https:\/\/juvigo.fr\/colos\/colonies-de-vacances-motocross\">motocross<\/a>\u2026<\/p>\n\n\n\n<h2 class=\"wp-block-heading\" id=\"decouvrir-la-bretagne-durant-les-vacances-scolaires-20252026-e09b539b-5526-4dcc-afe4-a9ba7d9aca17\"><strong>D\u00e9couvrir la Bretagne durant les vacances scolaires 2025-2026<\/strong><\/h2>\n\n\n\n<p>La <a href=\"https:\/\/juvigo.fr\/colonies-de-vacances-bretagne\">Bretagne<\/a> fait r\u00eaver de nombreux vacanciers comme destination. Au bord de l\u2019oc\u00e9an Atlantique, la r\u00e9gion compte 4&nbsp; d\u00e9partements (<a href=\"https:\/\/juvigo.fr\/colos\/colonies-de-vacances-cotes-d-armor\">C\u00f4tes d\u2019Armor<\/a>, <a href=\"https:\/\/juvigo.fr\/colos\/colonies-de-vacances-finistere\">Finist\u00e8re<\/a>, <a href=\"https:\/\/juvigo.fr\/colos\/colonies-de-vacances-ille-et-vilaine\">Ille-et-Vilaine<\/a>, <a href=\"https:\/\/juvigo.fr\/colos\/colonies-de-vacances-morbihan\">Morbihan<\/a>) aussi int\u00e9ressants les uns que les autres. Il y a de nombreuses villes qui valent le d\u00e9tour dans cette r\u00e9gion comme Rennes, Quimper, Brest ou encore Saint Malo. On y d\u00e9couvre des lieux uniques comme la c\u00f4te de Granit Rose qui en fait sa richesse.&nbsp;<\/p>\n\n\n\n<p>Les C\u00f4tes d\u2019Armor regorge de surprises et de beaut\u00e9. Pour tous les \u00e2ges, vous pouvez y trouver de nombreuses possibilit\u00e9s et vous trouverez \u00e0 coup s\u00fbr une <a href=\"https:\/\/juvigo.fr\/colonies-pour-tous\">colonie pour tous<\/a> les go\u00fbts. Partir \u00e0 la d\u00e9couverte de Pl\u00e9lauff durant un <a href=\"https:\/\/juvigo.fr\/camps-de-vacances\">camp de vacances<\/a> pourrait \u00eatre un bon moment pour vos enfants. Pourquoi ne pas profiter du paysage qui vous entoure et partir pour une <a href=\"https:\/\/juvigo.fr\/colos\/colonies-equitation-bord-de-mer\">colonie \u00e9quitation bord de mer<\/a> ?<br>Le Finist\u00e8re, \u00e0 la pointe de la Bretagne, propose de nombreuses activit\u00e9s, notamment pendant un <a href=\"https:\/\/juvigo.fr\/colos-nautiques\">stage nautique<\/a>. Les possibilit\u00e9s sont illimit\u00e9es dans ce petit coin de paradis ! Que vous souhaitiez faire partir votre enfant en <a href=\"https:\/\/juvigo.fr\/colos\/colonies-voile-bretagne\">colonie de vacances voile Bretagne<\/a>, <a href=\"https:\/\/juvigo.fr\/colos\/colonies-de-vacances-catamaran\">catamaran<\/a>, <a href=\"https:\/\/juvigo.fr\/colos\/colonies-de-vacances-peche\">p\u00eache<\/a>, ou pour simplement profiter de la mer, c\u2019est l\u2019endroit id\u00e9al !<\/p>\n\n\n\n<h2 class=\"wp-block-heading\" id=\"faire-un-sejour-en-centre-val-de-loire-pendant-les-vacances-scolaires-20252026-8719318d-feb6-43b0-bd1e-1a704d44d204\"><strong>Faire un s\u00e9jour en Centre Val de Loire pendant les vacances scolaires 2025-2026<\/strong><\/h2>\n\n\n\n<p>Le <a href=\"https:\/\/juvigo.fr\/colos\/colonies-de-vacances-centre-val-de-loire\">Centre Val de Loire<\/a>, avec ses 6 d\u00e9partements (Cher, Indre, Eure-et-Loir, <a href=\"https:\/\/juvigo.fr\/colos\/colonies-de-vacances-indre-et-loire\">Indre-et-Loire<\/a>, Loire-et-Cher, <a href=\"https:\/\/juvigo.fr\/colos\/colonies-de-vacances-loiret\">Loiret<\/a>) est connu pour ses beaux ch\u00e2teaux et ses paysages plats, parfaits pour partir en colonie de vacances v\u00e9lo. Pour ceux qui le souhaitent, il est en effet possible de faire le chemin la Loire \u00e0 V\u00e9lo. Il vous sera possible de d\u00e9couvrir la ville de Chartres, ou encore Orl\u00e9ans et Tours dans cette r\u00e9gion \u00e0 travers des vacances scolaires 2025-2026.<\/p>\n\n\n\n<p>Durant les vacances scolaires 2025-2026, d\u00e9couvrir le d\u00e9partement de l\u2019Indre-et-Loire peut \u00eatre int\u00e9ressant pour voir de magnifiques ch\u00e2teaux comme celui de Chenonceau ou d\u2019Ambroise. Suivre la Loire durant un <a href=\"https:\/\/juvigo.fr\/camps-ete-ados\">camp d\u2019\u00e9t\u00e9 ado<\/a> vous permettrait de longer les ch\u00e2teaux et d\u00e9couvrir la riche histoire de ce d\u00e9partement.&nbsp;<br>Le d\u00e9partement attire de nombreux vacanciers durant les vacances scolaires 2025-2026 gr\u00e2ce \u00e0 sa nature omnipr\u00e9sente. Vous pourriez vous promener dans le parc floral de la Source durant une <a href=\"https:\/\/juvigo.fr\/colos\/colonies-de-vacances-randonnee\">colonie de vacances randonn\u00e9e<\/a>.&nbsp;<\/p>\n\n\n\n<h2 class=\"wp-block-heading\" id=\"voir-la-beaute-de-la-corse-en-vacances-scolaires-20252026-f0ae18a8-6496-411b-912b-90c48f275cd2\"><strong>Voir la beaut\u00e9 de la Corse en vacances scolaires 2025-2026<\/strong><\/h2>\n\n\n\n<p>La <a href=\"https:\/\/juvigo.fr\/colos\/colonies-de-vacances-corse\">Corse<\/a>, divis\u00e9e par deux d\u00e9partements (Haute-Corse et Corse du Sud), est une \u00eele unique qui est tr\u00e8s populaire en France mais aussi \u00e0 l\u2019\u00e9tranger. M\u00eame si c\u2019est une petite \u00eele, elle fait partie des r\u00e9gions les plus dynamiques en France, gr\u00e2ce \u00e0 sa diversit\u00e9 de paysages et sa beaut\u00e9 unique. La r\u00e9gion a de nombreux paysages et plages pr\u00e9serv\u00e9es qui permettent de vivre une <a href=\"https:\/\/juvigo.fr\/colos\/colonies-de-vacances-nature\">colonie de vacances nature<\/a> incroyable. C\u2019est l\u2019endroit id\u00e9al pour ceux qui adorent profiter de la plage et se baigner dans la mer turquoise. Vous pouvez proposer \u00e0 vos enfants une <a href=\"https:\/\/juvigo.fr\/colos\/colonies-de-vacances-a-la-mer\">colonie de vacances \u00e0 la mer<\/a> pour profiter de cette belle r\u00e9gion pendant un <a href=\"https:\/\/juvigo.fr\/camps-de-vacances-ete\">camp de vacances \u00e9t\u00e9<\/a>.<\/p>\n\n\n\n<h2 class=\"wp-block-heading\" id=\"partir-a-la-decouverte-du-grand-est-pendant-les-vacances-scolaires-20252026-cbcb41ef-3533-492e-a75e-f5b13c923761\"><strong>Partir \u00e0 la d\u00e9couverte du Grand Est pendant les vacances scolaires 2025-2026<\/strong><\/h2>\n\n\n\n<p>Le <a href=\"https:\/\/juvigo.fr\/colos\/colonies-de-vacances-grand-est\">Grand Est<\/a> compte 10 d\u00e9partements en tout (Ardennes, <a href=\"https:\/\/juvigo.fr\/colos\/colonies-de-vacances-aube\">Aube<\/a>, <a href=\"https:\/\/juvigo.fr\/colos\/colonies-de-vacances-haut-rhin\">Haut-Rhin<\/a>, <a href=\"https:\/\/juvigo.fr\/colos\/colonies-de-vacances-bas-rhin\">Bas-Rhin<\/a>, <a href=\"https:\/\/juvigo.fr\/colos\/colonies-de-vacances-haute-marne\">Haute-Marne<\/a>, Marne, Meurthe-et-Moselle, Meuse, <a href=\"https:\/\/juvigo.fr\/colos\/colonies-de-vacances-moselle\">Moselle<\/a> et <a href=\"https:\/\/juvigo.fr\/colos\/colonies-de-vacances-vosges\">Vosges<\/a>). Elle partage une fronti\u00e8re avec l\u2019Allemagne, le Luxembourg et la Belgique. Avec des villes comme Metz, Nancy ou encore <a href=\"https:\/\/juvigo.fr\/colos\/colonies-de-vacances-strasbourg\">Strasbourg<\/a> \u00e0 visiter, cette r\u00e9gion promet des vacances scolaires 2025-2026 \u00e0 ne pas oublier.<\/p>\n\n\n\n<p>Il y a de nombreuses possibilit\u00e9s de profiter de la nature dans la r\u00e9gion de la Moselle lorsqu\u2019on a son calendrier des vacances scolaires 2025-2026. Vous pouvez profiter d\u2019une excursion pour aller en <a href=\"https:\/\/juvigo.fr\/colos\/camps-plein-air\">camp plein air<\/a> profiter de l\u2019air pur de la Lorraine. Il vous sera \u00e9galement facile de partir en <a href=\"https:\/\/juvigo.fr\/colos\/colonies-de-vacances-franco-allemandes\">colonie de vacances franco-allemande<\/a> dans ce d\u00e9partement gr\u00e2ce \u00e0 sa proximit\u00e9 avec l\u2019Allemagne.&nbsp;<br>Le d\u00e9partement des Vosges est tr\u00e8s appr\u00e9ci\u00e9 durant toutes les saisons. Vous pourriez profiter des massifs enneig\u00e9s durant une <a href=\"https:\/\/juvigo.fr\/colos\/colos-hiver\">colo hiver<\/a> ou encore aller faire des randonn\u00e9es dans ces beaux paysages durant une <a href=\"https:\/\/juvigo.fr\/colos-pas-cher\">colonie de vacances pas cher<\/a>. Vous pouvez profiter de la diversit\u00e9 de ce d\u00e9partement pour effectuer une <a href=\"https:\/\/juvigo.fr\/colos\/colonies-de-vacances-sports-extremes\">colonie de vacances sports extr\u00eames<\/a> ou en mode.<\/p>\n\n\n\n<h2 class=\"wp-block-heading\" id=\"la-normandie-une-region-incontournable-pour-les-vacances-scolaires-20252026-16ff4ffc-9b35-4d2b-b736-d9b860e02b60\"><strong>La Normandie, une r\u00e9gion incontournable pour les vacances scolaires 2025-2026<\/strong><\/h2>\n\n\n\n<p>La <a href=\"https:\/\/juvigo.fr\/colos\/colonies-de-vacances-normandie\">Normandie<\/a>, avec ses 5 d\u00e9partements (<a href=\"https:\/\/juvigo.fr\/colos\/colonies-de-vacances-calvados\">Calvados<\/a>, Eure, <a href=\"https:\/\/juvigo.fr\/colos\/colonies-de-vacances-manche\">Manche<\/a>, Orne, <a href=\"https:\/\/juvigo.fr\/colos\/colonies-de-vacances-seine-maritime\">Seine-Maritime<\/a>), est connue dans le monde entier. En effet, cela est es d\u00fb \u00e0 son r\u00f4le dans la Seconde Guerre mondiale mais aussi gr\u00e2ce \u00e0 sa beaut\u00e9, comme avec le Mont-Saint-Michel. Qui n\u2019a jamais r\u00eav\u00e9 de d\u00e9couvrir cette baie et son \u00eelot rocheux c\u00e9l\u00e8bre dans le monde entier ? La r\u00e9gion a beaucoup \u00e0 offrir avec sa belle c\u00f4t\u00e9 littorale au bord de la Manche. Vous pouvez \u00e9galement y d\u00e9couvrir la ville de Rouen, du <a href=\"https:\/\/juvigo.fr\/colos\/colonies-de-vacances-le-havre\">Havre<\/a> et de Caen \u00e0 travers un <a href=\"https:\/\/juvigo.fr\/camps-de-vacances-france\">camp de vacances France<\/a>.<\/p>\n\n\n\n<p>Avec 120 km de c\u00f4tes, le d\u00e9partement du Calvados est tr\u00e8s int\u00e9ressant pour une <a href=\"https:\/\/juvigo.fr\/colos\">colo<\/a> durant les vacances scolaires 2025-2026. Pour les enfants qui s\u2019int\u00e9ressent \u00e0 l\u2019histoire, c\u2019est un endroit \u00e0 ne pas rater. Ils peuvent en apprendre davantage sur la Seconde Guerre mondiale et le r\u00f4le des plages durant le d\u00e9barquement comme Omaha ou Juno Beach.&nbsp;<\/p>\n\n\n\n<p>La Manche fait partie des d\u00e9partements tr\u00e8s convoit\u00e9s par les touristes \u00e9trangers avec la Baie du Mont Saint Michel. Vous pourrez profiter d\u2019une <a href=\"https:\/\/juvigo.fr\/colos\/colonies-de-vacances-aout\">colonie de vacances ao\u00fbt<\/a> pour envoyer vos enfants y d\u00e9couvrir cet endroit mythique. Pr\u00e8s de l\u2019Angleterre, il est possible de profiter de l\u2019occasion de se trouver dans le d\u00e9partement de la Manche pour partir faire une <a href=\"https:\/\/juvigo.fr\/colos\/colonies-de-vacances-ado-angleterre\">colonie de vacances ado Angleterre<\/a>.<\/p>\n\n\n\n<h2 class=\"wp-block-heading\" id=\"la-nouvelle-aquitaine-region-riche-en-diversite-pour-les-vacances-scolaires-20252026-3fdbc6cd-0f55-4d36-ad09-ebc0b7214932\"><strong>La Nouvelle Aquitaine, r\u00e9gion riche en diversit\u00e9 pour les vacances scolaires 2025-2026<\/strong><\/h2>\n\n\n\n<p>La Nouvelle Aquitaine, anciennement <a href=\"https:\/\/juvigo.fr\/colos\/colonies-de-vacances-aquitaine\">Aquitaine<\/a>, fait partie des plus grandes r\u00e9gions en France. Elle compte en effet 12 d\u00e9partements (Charente, <a href=\"https:\/\/juvigo.fr\/colos\/colonies-de-vacances-charente-maritime\">Charente-Maritime<\/a>, <a href=\"https:\/\/juvigo.fr\/colos\/colonies-de-vacances-correze\">Corr\u00e8ze<\/a>, Creuse, <a href=\"https:\/\/juvigo.fr\/colos\/colonies-de-vacances-dordogne\">Dordogne<\/a>, <a href=\"https:\/\/juvigo.fr\/colos\/colonies-de-vacances-gironde\">Gironde<\/a>, <a href=\"https:\/\/juvigo.fr\/colos\/colonies-de-vacances-landes\">Landes<\/a>, <a href=\"https:\/\/juvigo.fr\/colos\/colonies-de-vacances-lot-et-garonne\">Lot-et-Garonne<\/a>, <a href=\"https:\/\/juvigo.fr\/colos\/colonies-de-vacances-pyrenees-atlantiques\">Pyr\u00e9n\u00e9es-Atlantiques<\/a>, Deux-S\u00e8vres, <a href=\"https:\/\/juvigo.fr\/colos\/colonies-de-vacances-vienne\">Vienne<\/a>, Haute-Vienne) et est tr\u00e8s diversifi\u00e9e. C\u2019est une r\u00e9gion tr\u00e8s convoit\u00e9e pour partir en vacances scolaires de 2025-2026.<\/p>\n\n\n\n<p>D\u00e9couvrir la Charente-Maritime durant les vacances scolaires 2025-2026 vaut grandement la peine. Vous pourriez en profiter pour envoyer vos enfants en <a href=\"https:\/\/juvigo.fr\/colos\/colonies-de-vacances-la-rochelle\">colonie de vacances La Rochelle<\/a>. En effet, cette belle ville et ses environs m\u00e9ritent d&#8217;\u00eatre connus. Il vous serait possible de les faire participer \u00e0 une <a href=\"https:\/\/juvigo.fr\/colos\/colonies-de-vacances-catamaran\">colonie de vacances catamaran<\/a>. Cela vous permettra en effet de profiter de la mer et peut \u00eatre d&#8217;apercevoir Fort Boyard.<\/p>\n\n\n\n<h2 class=\"wp-block-heading\" id=\"decouvrir-la-gironde-les-landes-et-la-vienne-differemment-a9971449-5ef9-4c79-bbd1-ac391ce2fb54\">D\u00e9couvrir la Gironde, les Landes et la Vienne diff\u00e9remment<\/h2>\n\n\n\n<p>Si vous choisissez plut\u00f4t le d\u00e9partement de la Gironde, vous aurez \u00e9galement du choix. Il serait possible d\u2019aller en <a href=\"https:\/\/juvigo.fr\/colos\/colonies-de-vacances-bordeaux\">colonie de vacances Bordeaux<\/a> pour d\u00e9couvrir cette charmante ville. Aux alentours de Bordeaux, il est possible d\u2019aller d\u00e9couvrir Arcachon et sa nature et en profiter pour participer \u00e0 une <a href=\"https:\/\/juvigo.fr\/colos\/colonies-de-vacances-koh-lanta\">colonie de vacances koh lanta<\/a> par la m\u00eame occasion. Il est aussi possible de partir voir la Dune du Pyla. C&#8217;est l&#8217;endroit id\u00e9al pour faire une <a href=\"https:\/\/juvigo.fr\/colos\/colonies-de-vacances-survie\">colonie de vacances survie<\/a> pr\u00e8s de cette dune impressionnante.&nbsp;<\/p>\n\n\n\n<p>Les Landes sont aussi tr\u00e8s int\u00e9ressantes comme choix pour les vacances scolaires 2025-2026. Avec des plages mythiques comme celles de Biscarosse ou d\u2019Hossegor, c\u2019est l\u2019endroit id\u00e9al pour aller en colonie de vacances surf \u00e9t\u00e9. Pour les amoureux de la nature, c\u2019est l\u2019endroit parfait pour en profiter et partir en <a href=\"https:\/\/juvigo.fr\/colos\/colos-itinerantes\">colonie de vacances itin\u00e9rantes<\/a>.&nbsp;<\/p>\n\n\n\n<p>Pour ceux qui souhaitent d\u00e9couvrir le parc du Futuroscope, cela peut se faire avec une <a href=\"https:\/\/juvigo.fr\/colos\/colonies-parcs-attractions\">colonie de vacances parc d\u2019attraction<\/a>. Il est possible de partir dans la Vienne pour les vacances scolaires 2025-2026. Si vous d\u00e9cidez de partir l\u00e0-bas, vous pouvez en profiter pour participer \u00e0 une <a href=\"https:\/\/juvigo.fr\/colos\/colonies-de-vacances-poitiers\">colonie de vacances Poitiers<\/a> pour d\u00e9couvrir cette ville historique et universitaire.<\/p>\n\n\n\n<h2 class=\"wp-block-heading\" id=\"choisir-loccitanie-pour-les-vacances-scolaires-20252026-e9809ba4-17e9-4e94-9771-86933784066b\"><strong>Choisir l\u2019Occitanie pour les vacances scolaires 2025-2026<\/strong><\/h2>\n\n\n\n<p>Avec des paysages et des climats vari\u00e9s, <a href=\"https:\/\/juvigo.fr\/colos\/colonies-de-vacances-occitanie\">l\u2019Occitanie<\/a> est \u00e9galement tr\u00e8s demand\u00e9e pendant les vacances scolaires 2025-2026. Elle compte 13 d\u00e9partements (<a href=\"https:\/\/juvigo.fr\/colos\/colonies-de-vacances-ariege\">Ari\u00e8ge<\/a>, <a href=\"https:\/\/juvigo.fr\/colos\/colonies-de-vacances-aude\">Aude<\/a>, <a href=\"https:\/\/juvigo.fr\/colos\/colonies-de-vacances-aveyron\">Aveyron<\/a>, <a href=\"https:\/\/juvigo.fr\/colos\/colonies-de-vacances-gard\">Gard<\/a>, <a href=\"https:\/\/juvigo.fr\/colos\/colonies-de-vacances-haute-garonne\">Haute-Garonne<\/a>, <a href=\"https:\/\/juvigo.fr\/colos\/colonies-de-vacances-gers\">Gers<\/a>, <a href=\"https:\/\/juvigo.fr\/colos\/colonies-de-vacances-herault\">H\u00e9rault<\/a>, Lot, <a href=\"https:\/\/juvigo.fr\/colos\/colonies-de-vacances-lozere\">Loz\u00e8re<\/a>, <a href=\"https:\/\/juvigo.fr\/colos\/colonies-de-vacances-hautes-pyrenees\">Hautes-Pyr\u00e9n\u00e9es<\/a>, <a href=\"https:\/\/juvigo.fr\/colos\/colonies-de-vacances-pyrenees-orientales\">Pyr\u00e9n\u00e9es-Orientales<\/a>, <a href=\"https:\/\/juvigo.fr\/colos\/colonies-de-vacances-tarn\">Tarn<\/a> et <a href=\"https:\/\/juvigo.fr\/colos\/colonies-de-vacances-tarn-et-garonne\">Tarn-et-Garonne<\/a>) o\u00f9 on y retrouve le Massif central, les <a href=\"https:\/\/juvigo.fr\/colos\/colonies-de-vacances-pyrenees\">Pyr\u00e9n\u00e9es<\/a> et la <a href=\"https:\/\/juvigo.fr\/colos\/colonies-de-vacances-mediterranee\">M\u00e9diterran\u00e9e<\/a>.&nbsp;<\/p>\n\n\n\n<p>Le d\u00e9partement des Hautes-Pyr\u00e9n\u00e9es est tr\u00e8s appr\u00e9ci\u00e9 pour profiter des sports nautiques et en eaux-vives. Apr\u00e8s avoir v\u00e9rifi\u00e9 votre calendrier des vacances scolaires 2025-2026, vous pouvez d\u00e9cider de partir en <a href=\"https:\/\/juvigo.fr\/colos\/camps-de-vacances-sport\">camp de vacances sportif<\/a> . Avec ses nombreux lacs naturels et ses belles cascades, ce d\u00e9partement aura beaucoup \u00e0 offrir durant un <a href=\"https:\/\/juvigo.fr\/colonies-de-vacances-multisport\">camp de vacances multisport<\/a>.<\/p>\n\n\n\n<p>Le d\u00e9partement du Gard peut vous permettre d\u2019aller visiter <a href=\"https:\/\/juvigo.fr\/colos\/colonies-de-vacances-nimes\">N\u00eemes<\/a> pendant les vacances scolaires 2025-2026. Avec un grand acc\u00e8s au littoral ainsi que de nombreux bois, le d\u00e9partement a la possibilit\u00e9 d\u2019offrir de nombreuses activit\u00e9s. Il est possible de faire des balades en <a href=\"https:\/\/juvigo.fr\/colos\/colonies-de-vacances-octobre\">colonie de vacances octobre<\/a> dans la for\u00eat pour ramasser des champignons ou des ch\u00e2taignes.<br>Pour ce qui est de la Haute-Garonne, c\u2019est l\u2019occasion d\u2019aller d\u00e9couvrir la ville rose pendant une <a href=\"https:\/\/juvigo.fr\/colos\/colonies-de-vacances-toulouse\">colonie de vacances Toulouse<\/a>. La ville a beaucoup \u00e0 offrir si vous souhaitez que votre enfant fasse un s\u00e9jour culturel dans une ville fran\u00e7aise. Vous pouvez d\u00e9couvrir une autre facette de la ville \u00e0 travers une <a href=\"https:\/\/juvigo.fr\/colos\/colonies-de-vacances-graffiti\">colonie de vacances graffiti<\/a> pour voir l\u2019art de rue toulousain.<\/p>\n\n\n\n<h2 class=\"wp-block-heading\" id=\"partir-pour-les-vacances-scolaires-20252026-dans-le-pays-de-la-loire-aff96806-25ea-49a5-ba5f-c58c67eca80b\"><strong>Partir pour les vacances scolaires dans le Pays de la Loire<\/strong><\/h2>\n\n\n\n<p>La r\u00e9gion <a href=\"https:\/\/juvigo.fr\/colos\/colonies-de-vacances-pays-de-la-loire\">Pays de la Loire<\/a> compte 5 d\u00e9partements (<a href=\"https:\/\/juvigo.fr\/colos\/colonies-de-vacances-loire-atlantique\">Loire-Atlantique<\/a>, <a href=\"https:\/\/juvigo.fr\/colos\/colonies-de-vacances-maine-et-loire\">Maine-et-Loire<\/a>, Mayenne, <a href=\"https:\/\/juvigo.fr\/colos\/colonies-de-vacances-sarthe\">Sarthe<\/a>, <a href=\"https:\/\/juvigo.fr\/colos\/colonies-de-vacances-vendee\">Vend\u00e9e<\/a>) et est bord\u00e9e par le Golfe de Gascogne. Pour les vacances scolaires 2025-2026, pourquoi ne pas aller se promener dans la Vall\u00e9e de la Loire. En effet, vous pourriez profiter des beaux vignobles et ch\u00e2teaux m\u00e9di\u00e9vaux ! Vous pourriez profiter de l\u2019occasion pour d\u00e9couvrir des villes embl\u00e9matiques de la r\u00e9gion comme en <a href=\"https:\/\/juvigo.fr\/colos\/colonies-de-vacances-nantes\">colonie de vacances Nantes<\/a> ou <a href=\"https:\/\/juvigo.fr\/colos\/colonies-de-vacances-angers\">Angers<\/a>.<\/p>\n\n\n\n<p>La Vend\u00e9e, d\u00e9partement du Puy du Fou, est tr\u00e8s dynamique et id\u00e9ale pour passer les vacances scolaires 2025-2026. Avec ses deux \u00eeles (Noirmoutier et Yeu), la Vend\u00e9e est tr\u00e8s populaire notamment en \u00e9t\u00e9. Elle reste tout de m\u00eame tr\u00e8s attractive pour d\u2019autres saisons comme lors d\u2019une <a href=\"https:\/\/juvigo.fr\/colos\/colonies-de-vacances-avril\">colonie de vacances avril<\/a>. Il est possible de faire de nombreuses activit\u00e9s comme de partir en <a href=\"https:\/\/juvigo.fr\/colos\/colonies-de-vacances-accrobranche\">colonie de vacances accrobranche<\/a> ou en s\u00e9jour <a href=\"https:\/\/juvigo.fr\/colonies-de-vacances-poneys\">poney<\/a>.<br>Choisir la Sarthe peut surprendre par ses possibilit\u00e9s durant les vacances scolaires 2025-2026. En effet, il est possible de participer \u00e0 des s\u00e9jours tr\u00e8s divers dans une m\u00eame r\u00e9gion. Nous proposons en effet des <strong>colonies de vacances \u00e0 th\u00e8me<\/strong> un peu partout en France. Pourquoi ne pas tenter une <a href=\"https:\/\/juvigo.fr\/colos\/colos-hockey\">colo hockey <\/a>? Ou encore un <a href=\"https:\/\/juvigo.fr\/colos\/camps-golf\">camp de golf<\/a> ? Les possibilit\u00e9s sont nombreuses et faites pour plaire \u00e0 tous !<\/p>\n\n\n\n<p>Voici l\u2019aper\u00e7u complet pour les vacances scolaires 2025-2026 ainsi que des id\u00e9es selon les r\u00e9gions et d\u00e9partements ! Nous sommes ravis de pouvoir accueillir de nouveau de nombreux enfants et ados pour les prochaines <a href=\"https:\/\/juvigo.fr\/colos-de-vacances\">colos de vacances <\/a>et <a href=\"https:\/\/juvigo.fr\/colos\/sejours-linguistiques-juvigo\">s\u00e9jours linguistiques Juvigo<\/a>. Si vous avez une quelconque question sur nos s\u00e9jours, vous pouvez toujours nous contacter par mail au <strong><a href=\"mailto:contact@juvigo.fr\">contact@juvigo.fr<\/a><\/strong> ou par t\u00e9l\u00e9phone au <strong><a href=\"tel:+33186655401\">01 86 65 54 01<\/a><\/strong>.<\/p>\n\n\n\n<p><\/p>\n","protected":false},"excerpt":{"rendered":"<p>M\u00eame si l&#8217;\u00e9cole et le temps pass\u00e9 avec les amis sont agr\u00e9ables, tous les enfants et les adolescents attendent les vacances avec impatience. Qu&#8217;il s&#8217;agisse de partir en colo d&#8217;\u00e9t\u00e9, en colonie P\u00e2ques, en hiver, pour l&#8217;automne ou des vacances de No\u00ebl, il est important de savoir les vacances scolaires 2025-2026 pour l&#8217;organisation. Tu trouveras [&hellip;]<\/p>\n","protected":false},"author":26,"featured_media":8695,"comment_status":"open","ping_status":"closed","sticky":false,"template":"","format":"standard","meta":{"advgb_blocks_editor_width":"","advgb_blocks_columns_visual_guide":"","footnotes":"","_links_to":"","_links_to_target":""},"categories":[491],"table_tags":[],"class_list":["post-8810","post","type-post","status-publish","format-standard","has-post-thumbnail","hentry","category-vacances-scolaires"],"yoast_head":"<!-- This site is optimized with the Yoast SEO plugin v24.8.1 - https:\/\/yoast.com\/wordpress\/plugins\/seo\/ -->\n<title>O\u00f9 aller lors des vacances scolaires 2025-2026 ? - Juvigo Magazine<\/title>\n<meta name=\"description\" content=\"Besoin de pr\u00e9parer les prochaines vacances scolaires 2025-2026 ? Nous vous proposons un calendrier imprimable et plus d\u2019infos.\" \/>\n<meta name=\"robots\" content=\"index, follow, max-snippet:-1, max-image-preview:large, max-video-preview:-1\" \/>\n<link rel=\"canonical\" href=\"https:\/\/juvigo.fr\/magazine\/astuces\/vacances-scolaires\/ou-aller-lors-des-vacances-scolaires\/\" \/>\n<meta property=\"og:locale\" content=\"fr_FR\" \/>\n<meta property=\"og:type\" content=\"article\" \/>\n<meta property=\"og:title\" content=\"O\u00f9 aller lors des vacances scolaires 2025-2026 ? - Juvigo Magazine\" \/>\n<meta property=\"og:description\" content=\"Besoin de pr\u00e9parer les prochaines vacances scolaires 2025-2026 ? Nous vous proposons un calendrier imprimable et plus d\u2019infos.\" \/>\n<meta property=\"og:url\" content=\"https:\/\/juvigo.fr\/magazine\/astuces\/vacances-scolaires\/ou-aller-lors-des-vacances-scolaires\/\" \/>\n<meta property=\"og:site_name\" content=\"Magazine\" \/>\n<meta property=\"article:publisher\" content=\"https:\/\/de-de.facebook.com\/meinjuvigo\" \/>\n<meta property=\"article:published_time\" content=\"2023-10-13T13:54:25+00:00\" \/>\n<meta property=\"article:modified_time\" content=\"2025-09-25T16:15:30+00:00\" \/>\n<meta property=\"og:image\" content=\"https:\/\/juvigo.fr\/magazine\/wp-content\/uploads\/2023\/07\/colo-musique-cinema-enfants-rock-the-casbah-e1699522744932.jpg\" \/>\n\t<meta property=\"og:image:width\" content=\"1500\" \/>\n\t<meta property=\"og:image:height\" content=\"845\" \/>\n\t<meta property=\"og:image:type\" content=\"image\/jpeg\" \/>\n<meta name=\"author\" content=\"Johanna Dambreville\" \/>\n<meta name=\"twitter:card\" content=\"summary_large_image\" \/>\n<meta name=\"twitter:creator\" content=\"@meinjuvigo\" \/>\n<meta name=\"twitter:site\" content=\"@meinjuvigo\" \/>\n<meta name=\"twitter:label1\" content=\"Written by\" \/>\n\t<meta name=\"twitter:data1\" content=\"Johanna Dambreville\" \/>\n\t<meta name=\"twitter:label2\" content=\"Est. reading time\" \/>\n\t<meta name=\"twitter:data2\" content=\"12 minutes\" \/>\n<script type=\"application\/ld+json\" class=\"yoast-schema-graph\">{\"@context\":\"https:\/\/schema.org\",\"@graph\":[{\"@type\":\"Article\",\"@id\":\"https:\/\/juvigo.fr\/magazine\/astuces\/vacances-scolaires\/ou-aller-lors-des-vacances-scolaires\/#article\",\"isPartOf\":{\"@id\":\"https:\/\/juvigo.fr\/magazine\/astuces\/vacances-scolaires\/ou-aller-lors-des-vacances-scolaires\/\"},\"author\":{\"name\":\"Johanna Dambreville\",\"@id\":\"https:\/\/juvigo.fr\/magazine\/#\/schema\/person\/1525fbe83a87a6ed0e7cf582b6764066\"},\"headline\":\"O\u00f9 aller lors des vacances scolaires 2025-2026 ?\",\"datePublished\":\"2023-10-13T13:54:25+00:00\",\"dateModified\":\"2025-09-25T16:15:30+00:00\",\"mainEntityOfPage\":{\"@id\":\"https:\/\/juvigo.fr\/magazine\/astuces\/vacances-scolaires\/ou-aller-lors-des-vacances-scolaires\/\"},\"wordCount\":2822,\"commentCount\":0,\"publisher\":{\"@id\":\"https:\/\/juvigo.fr\/magazine\/#organization\"},\"image\":{\"@id\":\"https:\/\/juvigo.fr\/magazine\/astuces\/vacances-scolaires\/ou-aller-lors-des-vacances-scolaires\/#primaryimage\"},\"thumbnailUrl\":\"https:\/\/juvigo.fr\/magazine\/wp-content\/uploads\/2023\/07\/colo-musique-cinema-enfants-rock-the-casbah-e1699522744932.jpg\",\"articleSection\":[\"Vacances scolaires\"],\"inLanguage\":\"fr\",\"potentialAction\":[{\"@type\":\"CommentAction\",\"name\":\"Comment\",\"target\":[\"https:\/\/juvigo.fr\/magazine\/astuces\/vacances-scolaires\/ou-aller-lors-des-vacances-scolaires\/#respond\"]}]},{\"@type\":\"WebPage\",\"@id\":\"https:\/\/juvigo.fr\/magazine\/astuces\/vacances-scolaires\/ou-aller-lors-des-vacances-scolaires\/\",\"url\":\"https:\/\/juvigo.fr\/magazine\/astuces\/vacances-scolaires\/ou-aller-lors-des-vacances-scolaires\/\",\"name\":\"O\u00f9 aller lors des vacances scolaires 2025-2026 ? - Juvigo Magazine\",\"isPartOf\":{\"@id\":\"https:\/\/juvigo.fr\/magazine\/#website\"},\"primaryImageOfPage\":{\"@id\":\"https:\/\/juvigo.fr\/magazine\/astuces\/vacances-scolaires\/ou-aller-lors-des-vacances-scolaires\/#primaryimage\"},\"image\":{\"@id\":\"https:\/\/juvigo.fr\/magazine\/astuces\/vacances-scolaires\/ou-aller-lors-des-vacances-scolaires\/#primaryimage\"},\"thumbnailUrl\":\"https:\/\/juvigo.fr\/magazine\/wp-content\/uploads\/2023\/07\/colo-musique-cinema-enfants-rock-the-casbah-e1699522744932.jpg\",\"datePublished\":\"2023-10-13T13:54:25+00:00\",\"dateModified\":\"2025-09-25T16:15:30+00:00\",\"description\":\"Besoin de pr\u00e9parer les prochaines vacances scolaires 2025-2026 ? Nous vous proposons un calendrier imprimable et plus d\u2019infos.\",\"breadcrumb\":{\"@id\":\"https:\/\/juvigo.fr\/magazine\/astuces\/vacances-scolaires\/ou-aller-lors-des-vacances-scolaires\/#breadcrumb\"},\"inLanguage\":\"fr\",\"potentialAction\":[{\"@type\":\"ReadAction\",\"target\":[\"https:\/\/juvigo.fr\/magazine\/astuces\/vacances-scolaires\/ou-aller-lors-des-vacances-scolaires\/\"]}]},{\"@type\":\"ImageObject\",\"inLanguage\":\"fr\",\"@id\":\"https:\/\/juvigo.fr\/magazine\/astuces\/vacances-scolaires\/ou-aller-lors-des-vacances-scolaires\/#primaryimage\",\"url\":\"https:\/\/juvigo.fr\/magazine\/wp-content\/uploads\/2023\/07\/colo-musique-cinema-enfants-rock-the-casbah-e1699522744932.jpg\",\"contentUrl\":\"https:\/\/juvigo.fr\/magazine\/wp-content\/uploads\/2023\/07\/colo-musique-cinema-enfants-rock-the-casbah-e1699522744932.jpg\",\"width\":1500,\"height\":845},{\"@type\":\"BreadcrumbList\",\"@id\":\"https:\/\/juvigo.fr\/magazine\/astuces\/vacances-scolaires\/ou-aller-lors-des-vacances-scolaires\/#breadcrumb\",\"itemListElement\":[{\"@type\":\"ListItem\",\"position\":1,\"name\":\"Juvigo-Magazine\",\"item\":\"https:\/\/juvigo.fr\/magazine\/\"},{\"@type\":\"ListItem\",\"position\":2,\"name\":\"Astuces\",\"item\":\"https:\/\/juvigo.fr\/magazine\/astuces\/\"},{\"@type\":\"ListItem\",\"position\":3,\"name\":\"Vacances scolaires\",\"item\":\"https:\/\/juvigo.fr\/magazine\/astuces\/vacances-scolaires\/\"},{\"@type\":\"ListItem\",\"position\":4,\"name\":\"O\u00f9 aller lors des vacances scolaires 2025-2026 ?\"}]},{\"@type\":\"WebSite\",\"@id\":\"https:\/\/juvigo.fr\/magazine\/#website\",\"url\":\"https:\/\/juvigo.fr\/magazine\/\",\"name\":\"Magazine\",\"description\":\"Magazine Juvigo - Ton magazine sur les colonies de vacances et s\u00e9jours linguistiques.\",\"publisher\":{\"@id\":\"https:\/\/juvigo.fr\/magazine\/#organization\"},\"potentialAction\":[{\"@type\":\"SearchAction\",\"target\":{\"@type\":\"EntryPoint\",\"urlTemplate\":\"https:\/\/juvigo.fr\/magazine\/?s={search_term_string}\"},\"query-input\":{\"@type\":\"PropertyValueSpecification\",\"valueRequired\":true,\"valueName\":\"search_term_string\"}}],\"inLanguage\":\"fr\"},{\"@type\":\"Organization\",\"@id\":\"https:\/\/juvigo.fr\/magazine\/#organization\",\"name\":\"Juvigo GmbH\",\"url\":\"https:\/\/juvigo.fr\/magazine\/\",\"logo\":{\"@type\":\"ImageObject\",\"inLanguage\":\"fr\",\"@id\":\"https:\/\/juvigo.fr\/magazine\/#\/schema\/logo\/image\/\",\"url\":\"https:\/\/juvigo.fr\/magazine\/wp-content\/uploads\/2022\/02\/magazine_logo_scaled.png\",\"contentUrl\":\"https:\/\/juvigo.fr\/magazine\/wp-content\/uploads\/2022\/02\/magazine_logo_scaled.png\",\"width\":240,\"height\":100,\"caption\":\"Juvigo GmbH\"},\"image\":{\"@id\":\"https:\/\/juvigo.fr\/magazine\/#\/schema\/logo\/image\/\"},\"sameAs\":[\"https:\/\/de-de.facebook.com\/meinjuvigo\",\"https:\/\/x.com\/meinjuvigo\",\"http:\/\/instagram.com\/juvigo_de\/\"]},{\"@type\":\"Person\",\"@id\":\"https:\/\/juvigo.fr\/magazine\/#\/schema\/person\/1525fbe83a87a6ed0e7cf582b6764066\",\"name\":\"Johanna Dambreville\",\"image\":{\"@type\":\"ImageObject\",\"inLanguage\":\"fr\",\"@id\":\"https:\/\/juvigo.fr\/magazine\/#\/schema\/person\/image\/\",\"url\":\"https:\/\/juvigo.fr\/magazine\/wp-content\/uploads\/2024\/05\/logo_1000x1000-150x150.png\",\"contentUrl\":\"https:\/\/juvigo.fr\/magazine\/wp-content\/uploads\/2024\/05\/logo_1000x1000-150x150.png\",\"caption\":\"Johanna Dambreville\"},\"url\":\"https:\/\/juvigo.fr\/magazine\/author\/johannad\/\"}]}<\/script>\n<!-- \/ Yoast SEO plugin. -->","yoast_head_json":{"title":"O\u00f9 aller lors des vacances scolaires 2025-2026 ? - Juvigo Magazine","description":"Besoin de pr\u00e9parer les prochaines vacances scolaires 2025-2026 ? Nous vous proposons un calendrier imprimable et plus d\u2019infos.","robots":{"index":"index","follow":"follow","max-snippet":"max-snippet:-1","max-image-preview":"max-image-preview:large","max-video-preview":"max-video-preview:-1"},"canonical":"https:\/\/juvigo.fr\/magazine\/astuces\/vacances-scolaires\/ou-aller-lors-des-vacances-scolaires\/","og_locale":"fr_FR","og_type":"article","og_title":"O\u00f9 aller lors des vacances scolaires 2025-2026 ? - Juvigo Magazine","og_description":"Besoin de pr\u00e9parer les prochaines vacances scolaires 2025-2026 ? Nous vous proposons un calendrier imprimable et plus d\u2019infos.","og_url":"https:\/\/juvigo.fr\/magazine\/astuces\/vacances-scolaires\/ou-aller-lors-des-vacances-scolaires\/","og_site_name":"Magazine","article_publisher":"https:\/\/de-de.facebook.com\/meinjuvigo","article_published_time":"2023-10-13T13:54:25+00:00","article_modified_time":"2025-09-25T16:15:30+00:00","og_image":[{"width":1500,"height":845,"url":"https:\/\/juvigo.fr\/magazine\/wp-content\/uploads\/2023\/07\/colo-musique-cinema-enfants-rock-the-casbah-e1699522744932.jpg","type":"image\/jpeg"}],"author":"Johanna Dambreville","twitter_card":"summary_large_image","twitter_creator":"@meinjuvigo","twitter_site":"@meinjuvigo","twitter_misc":{"Written by":"Johanna Dambreville","Est. reading time":"12 minutes"},"schema":{"@context":"https:\/\/schema.org","@graph":[{"@type":"Article","@id":"https:\/\/juvigo.fr\/magazine\/astuces\/vacances-scolaires\/ou-aller-lors-des-vacances-scolaires\/#article","isPartOf":{"@id":"https:\/\/juvigo.fr\/magazine\/astuces\/vacances-scolaires\/ou-aller-lors-des-vacances-scolaires\/"},"author":{"name":"Johanna Dambreville","@id":"https:\/\/juvigo.fr\/magazine\/#\/schema\/person\/1525fbe83a87a6ed0e7cf582b6764066"},"headline":"O\u00f9 aller lors des vacances scolaires 2025-2026 ?","datePublished":"2023-10-13T13:54:25+00:00","dateModified":"2025-09-25T16:15:30+00:00","mainEntityOfPage":{"@id":"https:\/\/juvigo.fr\/magazine\/astuces\/vacances-scolaires\/ou-aller-lors-des-vacances-scolaires\/"},"wordCount":2822,"commentCount":0,"publisher":{"@id":"https:\/\/juvigo.fr\/magazine\/#organization"},"image":{"@id":"https:\/\/juvigo.fr\/magazine\/astuces\/vacances-scolaires\/ou-aller-lors-des-vacances-scolaires\/#primaryimage"},"thumbnailUrl":"https:\/\/juvigo.fr\/magazine\/wp-content\/uploads\/2023\/07\/colo-musique-cinema-enfants-rock-the-casbah-e1699522744932.jpg","articleSection":["Vacances scolaires"],"inLanguage":"fr","potentialAction":[{"@type":"CommentAction","name":"Comment","target":["https:\/\/juvigo.fr\/magazine\/astuces\/vacances-scolaires\/ou-aller-lors-des-vacances-scolaires\/#respond"]}]},{"@type":"WebPage","@id":"https:\/\/juvigo.fr\/magazine\/astuces\/vacances-scolaires\/ou-aller-lors-des-vacances-scolaires\/","url":"https:\/\/juvigo.fr\/magazine\/astuces\/vacances-scolaires\/ou-aller-lors-des-vacances-scolaires\/","name":"O\u00f9 aller lors des vacances scolaires 2025-2026 ? - Juvigo Magazine","isPartOf":{"@id":"https:\/\/juvigo.fr\/magazine\/#website"},"primaryImageOfPage":{"@id":"https:\/\/juvigo.fr\/magazine\/astuces\/vacances-scolaires\/ou-aller-lors-des-vacances-scolaires\/#primaryimage"},"image":{"@id":"https:\/\/juvigo.fr\/magazine\/astuces\/vacances-scolaires\/ou-aller-lors-des-vacances-scolaires\/#primaryimage"},"thumbnailUrl":"https:\/\/juvigo.fr\/magazine\/wp-content\/uploads\/2023\/07\/colo-musique-cinema-enfants-rock-the-casbah-e1699522744932.jpg","datePublished":"2023-10-13T13:54:25+00:00","dateModified":"2025-09-25T16:15:30+00:00","description":"Besoin de pr\u00e9parer les prochaines vacances scolaires 2025-2026 ? Nous vous proposons un calendrier imprimable et plus d\u2019infos.","breadcrumb":{"@id":"https:\/\/juvigo.fr\/magazine\/astuces\/vacances-scolaires\/ou-aller-lors-des-vacances-scolaires\/#breadcrumb"},"inLanguage":"fr","potentialAction":[{"@type":"ReadAction","target":["https:\/\/juvigo.fr\/magazine\/astuces\/vacances-scolaires\/ou-aller-lors-des-vacances-scolaires\/"]}]},{"@type":"ImageObject","inLanguage":"fr","@id":"https:\/\/juvigo.fr\/magazine\/astuces\/vacances-scolaires\/ou-aller-lors-des-vacances-scolaires\/#primaryimage","url":"https:\/\/juvigo.fr\/magazine\/wp-content\/uploads\/2023\/07\/colo-musique-cinema-enfants-rock-the-casbah-e1699522744932.jpg","contentUrl":"https:\/\/juvigo.fr\/magazine\/wp-content\/uploads\/2023\/07\/colo-musique-cinema-enfants-rock-the-casbah-e1699522744932.jpg","width":1500,"height":845},{"@type":"BreadcrumbList","@id":"https:\/\/juvigo.fr\/magazine\/astuces\/vacances-scolaires\/ou-aller-lors-des-vacances-scolaires\/#breadcrumb","itemListElement":[{"@type":"ListItem","position":1,"name":"Juvigo-Magazine","item":"https:\/\/juvigo.fr\/magazine\/"},{"@type":"ListItem","position":2,"name":"Astuces","item":"https:\/\/juvigo.fr\/magazine\/astuces\/"},{"@type":"ListItem","position":3,"name":"Vacances scolaires","item":"https:\/\/juvigo.fr\/magazine\/astuces\/vacances-scolaires\/"},{"@type":"ListItem","position":4,"name":"O\u00f9 aller lors des vacances scolaires 2025-2026 ?"}]},{"@type":"WebSite","@id":"https:\/\/juvigo.fr\/magazine\/#website","url":"https:\/\/juvigo.fr\/magazine\/","name":"Magazine","description":"Magazine Juvigo - Ton magazine sur les colonies de vacances et s\u00e9jours linguistiques.","publisher":{"@id":"https:\/\/juvigo.fr\/magazine\/#organization"},"potentialAction":[{"@type":"SearchAction","target":{"@type":"EntryPoint","urlTemplate":"https:\/\/juvigo.fr\/magazine\/?s={search_term_string}"},"query-input":{"@type":"PropertyValueSpecification","valueRequired":true,"valueName":"search_term_string"}}],"inLanguage":"fr"},{"@type":"Organization","@id":"https:\/\/juvigo.fr\/magazine\/#organization","name":"Juvigo GmbH","url":"https:\/\/juvigo.fr\/magazine\/","logo":{"@type":"ImageObject","inLanguage":"fr","@id":"https:\/\/juvigo.fr\/magazine\/#\/schema\/logo\/image\/","url":"https:\/\/juvigo.fr\/magazine\/wp-content\/uploads\/2022\/02\/magazine_logo_scaled.png","contentUrl":"https:\/\/juvigo.fr\/magazine\/wp-content\/uploads\/2022\/02\/magazine_logo_scaled.png","width":240,"height":100,"caption":"Juvigo GmbH"},"image":{"@id":"https:\/\/juvigo.fr\/magazine\/#\/schema\/logo\/image\/"},"sameAs":["https:\/\/de-de.facebook.com\/meinjuvigo","https:\/\/x.com\/meinjuvigo","http:\/\/instagram.com\/juvigo_de\/"]},{"@type":"Person","@id":"https:\/\/juvigo.fr\/magazine\/#\/schema\/person\/1525fbe83a87a6ed0e7cf582b6764066","name":"Johanna Dambreville","image":{"@type":"ImageObject","inLanguage":"fr","@id":"https:\/\/juvigo.fr\/magazine\/#\/schema\/person\/image\/","url":"https:\/\/juvigo.fr\/magazine\/wp-content\/uploads\/2024\/05\/logo_1000x1000-150x150.png","contentUrl":"https:\/\/juvigo.fr\/magazine\/wp-content\/uploads\/2024\/05\/logo_1000x1000-150x150.png","caption":"Johanna Dambreville"},"url":"https:\/\/juvigo.fr\/magazine\/author\/johannad\/"}]}},"author_meta":{"display_name":"Johanna Dambreville","author_link":"https:\/\/juvigo.fr\/magazine\/author\/johannad\/"},"featured_img":"https:\/\/juvigo.fr\/magazine\/wp-content\/uploads\/2023\/07\/colo-musique-cinema-enfants-rock-the-casbah-e1699522744932-300x169.jpg","wps_subtitle":"","coauthors":[],"tax_additional":{"categories":{"linked":["<a href=\"https:\/\/juvigo.fr\/magazine\/astuces\/vacances-scolaires\/\" class=\"advgb-post-tax-term\">Vacances scolaires<\/a>"],"unlinked":["<span class=\"advgb-post-tax-term\">Vacances scolaires<\/span>"]}},"comment_count":"0","relative_dates":{"created":"Posted 3 years ago","modified":"Updated 7 months ago"},"absolute_dates":{"created":"Posted on 13-10-2023","modified":"Updated on 25-09-2025"},"absolute_dates_time":{"created":"Posted on 13-10-2023 15:54","modified":"Updated on 25-09-2025 18:15"},"featured_img_caption":"","series_order":"","_links":{"self":[{"href":"https:\/\/juvigo.fr\/magazine\/wp-json\/wp\/v2\/posts\/8810","targetHints":{"allow":["GET"]}}],"collection":[{"href":"https:\/\/juvigo.fr\/magazine\/wp-json\/wp\/v2\/posts"}],"about":[{"href":"https:\/\/juvigo.fr\/magazine\/wp-json\/wp\/v2\/types\/post"}],"author":[{"embeddable":true,"href":"https:\/\/juvigo.fr\/magazine\/wp-json\/wp\/v2\/users\/26"}],"replies":[{"embeddable":true,"href":"https:\/\/juvigo.fr\/magazine\/wp-json\/wp\/v2\/comments?post=8810"}],"version-history":[{"count":25,"href":"https:\/\/juvigo.fr\/magazine\/wp-json\/wp\/v2\/posts\/8810\/revisions"}],"predecessor-version":[{"id":11104,"href":"https:\/\/juvigo.fr\/magazine\/wp-json\/wp\/v2\/posts\/8810\/revisions\/11104"}],"wp:featuredmedia":[{"embeddable":true,"href":"https:\/\/juvigo.fr\/magazine\/wp-json\/wp\/v2\/media\/8695"}],"wp:attachment":[{"href":"https:\/\/juvigo.fr\/magazine\/wp-json\/wp\/v2\/media?parent=8810"}],"wp:term":[{"taxonomy":"category","embeddable":true,"href":"https:\/\/juvigo.fr\/magazine\/wp-json\/wp\/v2\/categories?post=8810"},{"taxonomy":"table_tags","embeddable":true,"href":"https:\/\/juvigo.fr\/magazine\/wp-json\/wp\/v2\/table_tags?post=8810"}],"curies":[{"name":"wp","href":"https:\/\/api.w.org\/{rel}","templated":true}]}}