{"id":8597,"date":"2023-03-22T16:37:53","date_gmt":"2023-03-22T15:37:53","guid":{"rendered":"https:\/\/juvigo.fr\/magazine\/?p=8597"},"modified":"2025-09-25T18:33:24","modified_gmt":"2025-09-25T16:33:24","slug":"quand-commencent-les-vacances-de-paques-en-belgique","status":"publish","type":"post","link":"https:\/\/juvigo.fr\/magazine\/astuces\/quand-commencent-les-vacances-de-paques-en-belgique\/","title":{"rendered":"Quand commencent les vacances de P\u00e2ques en Belgique ?"},"content":{"rendered":"\n<h2 class=\"wp-block-heading\"><strong>Mise en contexte sur le syst\u00e8me \u00e9ducatif en Wallonie<\/strong><\/h2>\n\n\n\n<p>Avant d&#8217;aborder les vacances de P\u00e2ques en Belgique il faut savoir qu\u2019en mati\u00e8re d\u2019\u00e9ducation, le pays a un statut particulier. Le calendrier des vacances scolaires est en effet d\u00e9termin\u00e9 par chaque communaut\u00e9. Il existe trois communaut\u00e9s : fran\u00e7aise, germanophone et flamande. Chacune de ces communaut\u00e9s est donc responsable de sa zone linguistique et \u00e9galement des vacances scolaires comme ici les vacances de P\u00e2ques en Belgique.<\/p>\n\n\n\n<p>Pour ce qui est de la communaut\u00e9 fran\u00e7aise, l\u2019ann\u00e9e 2022-2023 a connu des changements avec la mise en place d\u2019une nouvelle r\u00e9forme par la F\u00e9d\u00e9ration Wallonie-Bruxelles. Cette r\u00e9forme souhaite aider les jeunes \u00e0 avoir un rythme plus r\u00e9gulier et ainsi limiter le d\u00e9crochage scolaire. C\u2019est donc le syst\u00e8me 7-2 qui est d\u00e9sormais appliqu\u00e9, avec 7 semaines de cours suivies de 2 semaines de repos. Cela modifie donc les dates en Belgique pour les vacances de P\u00e2ques notamment.<\/p>\n\n\n\n<h2 class=\"wp-block-heading\"><strong>Alors, quand commencent les vacances de P\u00e2ques en Belgique ?<\/strong><\/h2>\n\n\n\n<p>On le sait, le Lundi de P\u00e2ques tombe le 10 avril pour l\u2019ann\u00e9e 2023. Toutefois, les vacances de P\u00e2ques en Belgique sont un peu plus tard avec les nouveaux changements et commencent le 1er mai jusqu\u2019au 12 mai 2023. Si vous souhaitez envoyer vos enfants en colonie de vacances avec Juvigo, nous proposons un s\u00e9jour linguistique pour apprendre l\u2019anglais situ\u00e9 \u00e0 Alost, pr\u00e8s de Bruxelles.<\/p>\n\n\n\n<p>La plateforme wallonne \u00e9tant nouvelle pour Juvigo, notre offre va s\u2019agrandir au fil du temps pour pouvoir proposer un large \u00e9ventail de s\u00e9jours, que ce soit linguistiques ou bien en colos de vacances.<\/p>\n\n\n\n<h2 class=\"wp-block-heading\"><strong>Offre de colonies de vacances pour l\u2019\u00e9t\u00e9 en Belgique<\/strong><\/h2>\n\n\n\n<p>Si vous souhaitez vous y prendre en avance et r\u00e9server un camp de vacances pour votre enfant pour l\u2019\u00e9t\u00e9 qui arrive, vous pouvez d\u00e8s \u00e0 pr\u00e9sent aller voir l\u2019offre de la <a href=\"https:\/\/juvigo.be\/fr\/\">plateforme francophone<\/a> pour la Belgique chez Juvigo.<\/p>\n\n\n\n<p>Il faut savoir que l\u2019offre est majoritairement dans les pays proches de la Belgique, que ce soit les Pays-Bas ou bien la France. Nous avons \u00e9galement plusieurs s\u00e9jours au niveau national. Vous pouvez par exemple participer \u00e0 une colo qui mixe du skateboard et du surf au bord de la c\u00f4te belge. Il est \u00e9galement possible de participer \u00e0 un camp de hockey pour les jeunes entre 9 et 16 ans dans la ville d\u2019Anvers. Si le hockey n\u2019est pas votre activit\u00e9 favorite, vous pouvez \u00e9galement d\u00e9couvrir du football ou participer \u00e0 une colo jeux vid\u00e9os pr\u00e8s de cette ville. Du c\u00f4t\u00e9 de Bruges, vous pourrez apprendre l\u2019anglais ou bien m\u00eame le n\u00e9erlandais. Vous trouverez aussi divers s\u00e9jours linguistiques \u00e0 Gand, ainsi que des colos multi-activit\u00e9s dans les environs de Waregem ou encore Renaix.<\/p>\n\n\n\n<h2 class=\"wp-block-heading\"><strong>Colonies de vacances en dehors de la Belgique<\/strong><\/h2>\n\n\n\n<p>Si vous souhaitez envoyer votre enfant en colo pour d\u00e9couvrir d\u2019autres pays que le sien, vous aurez du choix avec Juvigo ! En France, vous pourrez l\u2019envoyer d\u00e9couvrir de nombreuses activit\u00e9s. Si votre enfant aime l\u2019eau, vous pourrez l\u2019envoyer dans une colo de cano\u00eb et activit\u00e9s nautiques dans la Bourgogne ou encore un s\u00e9jour autour du th\u00e8me de la p\u00eache. Au niveau des activit\u00e9s sportives, il est possible de trouver des s\u00e9jours de skate, de football ou encore d\u2019\u00e9quitation. Il sera \u00e9galement possible de trouver des s\u00e9jours \u00e0 th\u00e8me, que ce soit de l\u2019aventure, du multi-activit\u00e9s, autour de la nature, de la cuisine ou encore des activit\u00e9s artistiques ou scientifiques. Il y en aura pour tous les go\u00fbts chez Juvigo !<\/p>\n\n\n\n<p>En plus de la France, il sera possible de trouver des colonies de vacances d\u2019\u00e9t\u00e9 dans des pays comme le Danemark, le Portugal, l\u2019Autriche, l\u2019Espagne, la Suisse, l\u2019Angleterre ou encore l\u2019Allemagne.<\/p>\n\n\n\n<p>Vous pouvez consulter notre article <a href=\"https:\/\/juvigo.fr\/magazine\/astuces\/vacances-scolaires\/les-vacances-scolaires-belgique\/\">calendrier<\/a> pour avoir une vue compl\u00e8te des vacances scolaires de cette ann\u00e9e. Suite \u00e0 cette r\u00e9forme pour le changement du rythme scolaire en Wallonie, le gouvernement de la F\u00e9d\u00e9ration Wallonie-Bruxelles a voulu aider le secteur de la jeunesse et a adopt\u00e9 un appel \u00e0 projet\u00a0 de 1,5 millions d\u2019euros pour soutenir les travaux de r\u00e9novation et mise en conformit\u00e9 des infrastructures pour accueillir les jeunes comme pour une colonie de vacances. C\u2019est donc un climat favorable qui s\u2019ouvre \u00e0 la Wallonie pour des colonies de vacances inoubliables ! Si vous souhaitez en savoir plus sur nos s\u00e9jours, vous pouvez nous contacter au 02 808 60 77 ou bien par email \u00e0 <a href=\"mailto:contact@juvigo.be\">contact@juvigo.be<\/a>.<\/p>\n","protected":false},"excerpt":{"rendered":"<p>Mise en contexte sur le syst\u00e8me \u00e9ducatif en Wallonie Avant d&#8217;aborder les vacances de P\u00e2ques en Belgique il faut savoir qu\u2019en mati\u00e8re d\u2019\u00e9ducation, le pays a un statut particulier. Le calendrier des vacances scolaires est en effet d\u00e9termin\u00e9 par chaque communaut\u00e9. Il existe trois communaut\u00e9s : fran\u00e7aise, germanophone et flamande. Chacune de ces communaut\u00e9s est [&hellip;]<\/p>\n","protected":false},"author":26,"featured_media":8599,"comment_status":"open","ping_status":"closed","sticky":false,"template":"","format":"standard","meta":{"advgb_blocks_editor_width":"","advgb_blocks_columns_visual_guide":"","footnotes":"","_links_to":"","_links_to_target":""},"categories":[2,486],"table_tags":[],"class_list":["post-8597","post","type-post","status-publish","format-standard","has-post-thumbnail","hentry","category-astuces","category-trucs-et-astuces"],"yoast_head":"<!-- This site is optimized with the Yoast SEO plugin v24.8.1 - https:\/\/yoast.com\/wordpress\/plugins\/seo\/ -->\n<title>Quand commencent les vacances de P\u00e2ques en Belgique ? - Juvigo Magazine<\/title>\n<meta name=\"description\" content=\"Quand commencent les vacances de P\u00e2ques en Belgique ? Avec la nouvelle r\u00e9forme, on vous informe des changements sur les vacances scolaires.\" \/>\n<meta name=\"robots\" content=\"index, follow, max-snippet:-1, max-image-preview:large, max-video-preview:-1\" \/>\n<link rel=\"canonical\" href=\"https:\/\/juvigo.fr\/magazine\/astuces\/quand-commencent-les-vacances-de-paques-en-belgique\/\" \/>\n<meta property=\"og:locale\" content=\"fr_FR\" \/>\n<meta property=\"og:type\" content=\"article\" \/>\n<meta property=\"og:title\" content=\"Quand commencent les vacances de P\u00e2ques en Belgique ? - Juvigo Magazine\" \/>\n<meta property=\"og:description\" content=\"Quand commencent les vacances de P\u00e2ques en Belgique ? Avec la nouvelle r\u00e9forme, on vous informe des changements sur les vacances scolaires.\" \/>\n<meta property=\"og:url\" content=\"https:\/\/juvigo.fr\/magazine\/astuces\/quand-commencent-les-vacances-de-paques-en-belgique\/\" \/>\n<meta property=\"og:site_name\" content=\"Magazine\" \/>\n<meta property=\"article:publisher\" content=\"https:\/\/de-de.facebook.com\/meinjuvigo\" \/>\n<meta property=\"article:published_time\" content=\"2023-03-22T15:37:53+00:00\" \/>\n<meta property=\"article:modified_time\" content=\"2025-09-25T16:33:24+00:00\" \/>\n<meta property=\"og:image\" content=\"https:\/\/juvigo.fr\/magazine\/wp-content\/uploads\/2023\/03\/easter-5011239_960_720-e1699521293772.jpg\" \/>\n\t<meta property=\"og:image:width\" content=\"960\" \/>\n\t<meta property=\"og:image:height\" content=\"640\" \/>\n\t<meta property=\"og:image:type\" content=\"image\/jpeg\" \/>\n<meta name=\"author\" content=\"Johanna Dambreville\" \/>\n<meta name=\"twitter:card\" content=\"summary_large_image\" \/>\n<meta name=\"twitter:creator\" content=\"@meinjuvigo\" \/>\n<meta name=\"twitter:site\" content=\"@meinjuvigo\" \/>\n<meta name=\"twitter:label1\" content=\"Written by\" \/>\n\t<meta name=\"twitter:data1\" content=\"Johanna Dambreville\" \/>\n\t<meta name=\"twitter:label2\" content=\"Est. reading time\" \/>\n\t<meta name=\"twitter:data2\" content=\"4 minutes\" \/>\n<script type=\"application\/ld+json\" class=\"yoast-schema-graph\">{\"@context\":\"https:\/\/schema.org\",\"@graph\":[{\"@type\":\"Article\",\"@id\":\"https:\/\/juvigo.fr\/magazine\/astuces\/quand-commencent-les-vacances-de-paques-en-belgique\/#article\",\"isPartOf\":{\"@id\":\"https:\/\/juvigo.fr\/magazine\/astuces\/quand-commencent-les-vacances-de-paques-en-belgique\/\"},\"author\":{\"name\":\"Johanna Dambreville\",\"@id\":\"https:\/\/juvigo.fr\/magazine\/#\/schema\/person\/1525fbe83a87a6ed0e7cf582b6764066\"},\"headline\":\"Quand commencent les vacances de P\u00e2ques en Belgique ?\",\"datePublished\":\"2023-03-22T15:37:53+00:00\",\"dateModified\":\"2025-09-25T16:33:24+00:00\",\"mainEntityOfPage\":{\"@id\":\"https:\/\/juvigo.fr\/magazine\/astuces\/quand-commencent-les-vacances-de-paques-en-belgique\/\"},\"wordCount\":788,\"commentCount\":0,\"publisher\":{\"@id\":\"https:\/\/juvigo.fr\/magazine\/#organization\"},\"image\":{\"@id\":\"https:\/\/juvigo.fr\/magazine\/astuces\/quand-commencent-les-vacances-de-paques-en-belgique\/#primaryimage\"},\"thumbnailUrl\":\"https:\/\/juvigo.fr\/magazine\/wp-content\/uploads\/2023\/03\/easter-5011239_960_720-e1699521293772.jpg\",\"articleSection\":[\"Astuces\",\"Trucs et astuces\"],\"inLanguage\":\"fr\",\"potentialAction\":[{\"@type\":\"CommentAction\",\"name\":\"Comment\",\"target\":[\"https:\/\/juvigo.fr\/magazine\/astuces\/quand-commencent-les-vacances-de-paques-en-belgique\/#respond\"]}]},{\"@type\":\"WebPage\",\"@id\":\"https:\/\/juvigo.fr\/magazine\/astuces\/quand-commencent-les-vacances-de-paques-en-belgique\/\",\"url\":\"https:\/\/juvigo.fr\/magazine\/astuces\/quand-commencent-les-vacances-de-paques-en-belgique\/\",\"name\":\"Quand commencent les vacances de P\u00e2ques en Belgique ? - Juvigo Magazine\",\"isPartOf\":{\"@id\":\"https:\/\/juvigo.fr\/magazine\/#website\"},\"primaryImageOfPage\":{\"@id\":\"https:\/\/juvigo.fr\/magazine\/astuces\/quand-commencent-les-vacances-de-paques-en-belgique\/#primaryimage\"},\"image\":{\"@id\":\"https:\/\/juvigo.fr\/magazine\/astuces\/quand-commencent-les-vacances-de-paques-en-belgique\/#primaryimage\"},\"thumbnailUrl\":\"https:\/\/juvigo.fr\/magazine\/wp-content\/uploads\/2023\/03\/easter-5011239_960_720-e1699521293772.jpg\",\"datePublished\":\"2023-03-22T15:37:53+00:00\",\"dateModified\":\"2025-09-25T16:33:24+00:00\",\"description\":\"Quand commencent les vacances de P\u00e2ques en Belgique ? Avec la nouvelle r\u00e9forme, on vous informe des changements sur les vacances scolaires.\",\"breadcrumb\":{\"@id\":\"https:\/\/juvigo.fr\/magazine\/astuces\/quand-commencent-les-vacances-de-paques-en-belgique\/#breadcrumb\"},\"inLanguage\":\"fr\",\"potentialAction\":[{\"@type\":\"ReadAction\",\"target\":[\"https:\/\/juvigo.fr\/magazine\/astuces\/quand-commencent-les-vacances-de-paques-en-belgique\/\"]}]},{\"@type\":\"ImageObject\",\"inLanguage\":\"fr\",\"@id\":\"https:\/\/juvigo.fr\/magazine\/astuces\/quand-commencent-les-vacances-de-paques-en-belgique\/#primaryimage\",\"url\":\"https:\/\/juvigo.fr\/magazine\/wp-content\/uploads\/2023\/03\/easter-5011239_960_720-e1699521293772.jpg\",\"contentUrl\":\"https:\/\/juvigo.fr\/magazine\/wp-content\/uploads\/2023\/03\/easter-5011239_960_720-e1699521293772.jpg\",\"width\":960,\"height\":640,\"caption\":\"Sculpture de lapin de p\u00e2ques avec des oeufs pour les vacances de p\u00e2ques\"},{\"@type\":\"BreadcrumbList\",\"@id\":\"https:\/\/juvigo.fr\/magazine\/astuces\/quand-commencent-les-vacances-de-paques-en-belgique\/#breadcrumb\",\"itemListElement\":[{\"@type\":\"ListItem\",\"position\":1,\"name\":\"Juvigo-Magazine\",\"item\":\"https:\/\/juvigo.fr\/magazine\/\"},{\"@type\":\"ListItem\",\"position\":2,\"name\":\"Astuces\",\"item\":\"https:\/\/juvigo.fr\/magazine\/astuces\/\"},{\"@type\":\"ListItem\",\"position\":3,\"name\":\"Quand commencent les vacances de P\u00e2ques en Belgique ?\"}]},{\"@type\":\"WebSite\",\"@id\":\"https:\/\/juvigo.fr\/magazine\/#website\",\"url\":\"https:\/\/juvigo.fr\/magazine\/\",\"name\":\"Magazine\",\"description\":\"Magazine Juvigo - Ton magazine sur les colonies de vacances et s\u00e9jours linguistiques.\",\"publisher\":{\"@id\":\"https:\/\/juvigo.fr\/magazine\/#organization\"},\"potentialAction\":[{\"@type\":\"SearchAction\",\"target\":{\"@type\":\"EntryPoint\",\"urlTemplate\":\"https:\/\/juvigo.fr\/magazine\/?s={search_term_string}\"},\"query-input\":{\"@type\":\"PropertyValueSpecification\",\"valueRequired\":true,\"valueName\":\"search_term_string\"}}],\"inLanguage\":\"fr\"},{\"@type\":\"Organization\",\"@id\":\"https:\/\/juvigo.fr\/magazine\/#organization\",\"name\":\"Juvigo GmbH\",\"url\":\"https:\/\/juvigo.fr\/magazine\/\",\"logo\":{\"@type\":\"ImageObject\",\"inLanguage\":\"fr\",\"@id\":\"https:\/\/juvigo.fr\/magazine\/#\/schema\/logo\/image\/\",\"url\":\"https:\/\/juvigo.fr\/magazine\/wp-content\/uploads\/2022\/02\/magazine_logo_scaled.png\",\"contentUrl\":\"https:\/\/juvigo.fr\/magazine\/wp-content\/uploads\/2022\/02\/magazine_logo_scaled.png\",\"width\":240,\"height\":100,\"caption\":\"Juvigo GmbH\"},\"image\":{\"@id\":\"https:\/\/juvigo.fr\/magazine\/#\/schema\/logo\/image\/\"},\"sameAs\":[\"https:\/\/de-de.facebook.com\/meinjuvigo\",\"https:\/\/x.com\/meinjuvigo\",\"http:\/\/instagram.com\/juvigo_de\/\"]},{\"@type\":\"Person\",\"@id\":\"https:\/\/juvigo.fr\/magazine\/#\/schema\/person\/1525fbe83a87a6ed0e7cf582b6764066\",\"name\":\"Johanna Dambreville\",\"image\":{\"@type\":\"ImageObject\",\"inLanguage\":\"fr\",\"@id\":\"https:\/\/juvigo.fr\/magazine\/#\/schema\/person\/image\/\",\"url\":\"https:\/\/juvigo.fr\/magazine\/wp-content\/uploads\/2024\/05\/logo_1000x1000-150x150.png\",\"contentUrl\":\"https:\/\/juvigo.fr\/magazine\/wp-content\/uploads\/2024\/05\/logo_1000x1000-150x150.png\",\"caption\":\"Johanna Dambreville\"},\"url\":\"https:\/\/juvigo.fr\/magazine\/author\/johannad\/\"}]}<\/script>\n<!-- \/ Yoast SEO plugin. -->","yoast_head_json":{"title":"Quand commencent les vacances de P\u00e2ques en Belgique ? - Juvigo Magazine","description":"Quand commencent les vacances de P\u00e2ques en Belgique ? Avec la nouvelle r\u00e9forme, on vous informe des changements sur les vacances scolaires.","robots":{"index":"index","follow":"follow","max-snippet":"max-snippet:-1","max-image-preview":"max-image-preview:large","max-video-preview":"max-video-preview:-1"},"canonical":"https:\/\/juvigo.fr\/magazine\/astuces\/quand-commencent-les-vacances-de-paques-en-belgique\/","og_locale":"fr_FR","og_type":"article","og_title":"Quand commencent les vacances de P\u00e2ques en Belgique ? - Juvigo Magazine","og_description":"Quand commencent les vacances de P\u00e2ques en Belgique ? Avec la nouvelle r\u00e9forme, on vous informe des changements sur les vacances scolaires.","og_url":"https:\/\/juvigo.fr\/magazine\/astuces\/quand-commencent-les-vacances-de-paques-en-belgique\/","og_site_name":"Magazine","article_publisher":"https:\/\/de-de.facebook.com\/meinjuvigo","article_published_time":"2023-03-22T15:37:53+00:00","article_modified_time":"2025-09-25T16:33:24+00:00","og_image":[{"width":960,"height":640,"url":"https:\/\/juvigo.fr\/magazine\/wp-content\/uploads\/2023\/03\/easter-5011239_960_720-e1699521293772.jpg","type":"image\/jpeg"}],"author":"Johanna Dambreville","twitter_card":"summary_large_image","twitter_creator":"@meinjuvigo","twitter_site":"@meinjuvigo","twitter_misc":{"Written by":"Johanna Dambreville","Est. reading time":"4 minutes"},"schema":{"@context":"https:\/\/schema.org","@graph":[{"@type":"Article","@id":"https:\/\/juvigo.fr\/magazine\/astuces\/quand-commencent-les-vacances-de-paques-en-belgique\/#article","isPartOf":{"@id":"https:\/\/juvigo.fr\/magazine\/astuces\/quand-commencent-les-vacances-de-paques-en-belgique\/"},"author":{"name":"Johanna Dambreville","@id":"https:\/\/juvigo.fr\/magazine\/#\/schema\/person\/1525fbe83a87a6ed0e7cf582b6764066"},"headline":"Quand commencent les vacances de P\u00e2ques en Belgique ?","datePublished":"2023-03-22T15:37:53+00:00","dateModified":"2025-09-25T16:33:24+00:00","mainEntityOfPage":{"@id":"https:\/\/juvigo.fr\/magazine\/astuces\/quand-commencent-les-vacances-de-paques-en-belgique\/"},"wordCount":788,"commentCount":0,"publisher":{"@id":"https:\/\/juvigo.fr\/magazine\/#organization"},"image":{"@id":"https:\/\/juvigo.fr\/magazine\/astuces\/quand-commencent-les-vacances-de-paques-en-belgique\/#primaryimage"},"thumbnailUrl":"https:\/\/juvigo.fr\/magazine\/wp-content\/uploads\/2023\/03\/easter-5011239_960_720-e1699521293772.jpg","articleSection":["Astuces","Trucs et astuces"],"inLanguage":"fr","potentialAction":[{"@type":"CommentAction","name":"Comment","target":["https:\/\/juvigo.fr\/magazine\/astuces\/quand-commencent-les-vacances-de-paques-en-belgique\/#respond"]}]},{"@type":"WebPage","@id":"https:\/\/juvigo.fr\/magazine\/astuces\/quand-commencent-les-vacances-de-paques-en-belgique\/","url":"https:\/\/juvigo.fr\/magazine\/astuces\/quand-commencent-les-vacances-de-paques-en-belgique\/","name":"Quand commencent les vacances de P\u00e2ques en Belgique ? - Juvigo Magazine","isPartOf":{"@id":"https:\/\/juvigo.fr\/magazine\/#website"},"primaryImageOfPage":{"@id":"https:\/\/juvigo.fr\/magazine\/astuces\/quand-commencent-les-vacances-de-paques-en-belgique\/#primaryimage"},"image":{"@id":"https:\/\/juvigo.fr\/magazine\/astuces\/quand-commencent-les-vacances-de-paques-en-belgique\/#primaryimage"},"thumbnailUrl":"https:\/\/juvigo.fr\/magazine\/wp-content\/uploads\/2023\/03\/easter-5011239_960_720-e1699521293772.jpg","datePublished":"2023-03-22T15:37:53+00:00","dateModified":"2025-09-25T16:33:24+00:00","description":"Quand commencent les vacances de P\u00e2ques en Belgique ? Avec la nouvelle r\u00e9forme, on vous informe des changements sur les vacances scolaires.","breadcrumb":{"@id":"https:\/\/juvigo.fr\/magazine\/astuces\/quand-commencent-les-vacances-de-paques-en-belgique\/#breadcrumb"},"inLanguage":"fr","potentialAction":[{"@type":"ReadAction","target":["https:\/\/juvigo.fr\/magazine\/astuces\/quand-commencent-les-vacances-de-paques-en-belgique\/"]}]},{"@type":"ImageObject","inLanguage":"fr","@id":"https:\/\/juvigo.fr\/magazine\/astuces\/quand-commencent-les-vacances-de-paques-en-belgique\/#primaryimage","url":"https:\/\/juvigo.fr\/magazine\/wp-content\/uploads\/2023\/03\/easter-5011239_960_720-e1699521293772.jpg","contentUrl":"https:\/\/juvigo.fr\/magazine\/wp-content\/uploads\/2023\/03\/easter-5011239_960_720-e1699521293772.jpg","width":960,"height":640,"caption":"Sculpture de lapin de p\u00e2ques avec des oeufs pour les vacances de p\u00e2ques"},{"@type":"BreadcrumbList","@id":"https:\/\/juvigo.fr\/magazine\/astuces\/quand-commencent-les-vacances-de-paques-en-belgique\/#breadcrumb","itemListElement":[{"@type":"ListItem","position":1,"name":"Juvigo-Magazine","item":"https:\/\/juvigo.fr\/magazine\/"},{"@type":"ListItem","position":2,"name":"Astuces","item":"https:\/\/juvigo.fr\/magazine\/astuces\/"},{"@type":"ListItem","position":3,"name":"Quand commencent les vacances de P\u00e2ques en Belgique ?"}]},{"@type":"WebSite","@id":"https:\/\/juvigo.fr\/magazine\/#website","url":"https:\/\/juvigo.fr\/magazine\/","name":"Magazine","description":"Magazine Juvigo - Ton magazine sur les colonies de vacances et s\u00e9jours linguistiques.","publisher":{"@id":"https:\/\/juvigo.fr\/magazine\/#organization"},"potentialAction":[{"@type":"SearchAction","target":{"@type":"EntryPoint","urlTemplate":"https:\/\/juvigo.fr\/magazine\/?s={search_term_string}"},"query-input":{"@type":"PropertyValueSpecification","valueRequired":true,"valueName":"search_term_string"}}],"inLanguage":"fr"},{"@type":"Organization","@id":"https:\/\/juvigo.fr\/magazine\/#organization","name":"Juvigo GmbH","url":"https:\/\/juvigo.fr\/magazine\/","logo":{"@type":"ImageObject","inLanguage":"fr","@id":"https:\/\/juvigo.fr\/magazine\/#\/schema\/logo\/image\/","url":"https:\/\/juvigo.fr\/magazine\/wp-content\/uploads\/2022\/02\/magazine_logo_scaled.png","contentUrl":"https:\/\/juvigo.fr\/magazine\/wp-content\/uploads\/2022\/02\/magazine_logo_scaled.png","width":240,"height":100,"caption":"Juvigo GmbH"},"image":{"@id":"https:\/\/juvigo.fr\/magazine\/#\/schema\/logo\/image\/"},"sameAs":["https:\/\/de-de.facebook.com\/meinjuvigo","https:\/\/x.com\/meinjuvigo","http:\/\/instagram.com\/juvigo_de\/"]},{"@type":"Person","@id":"https:\/\/juvigo.fr\/magazine\/#\/schema\/person\/1525fbe83a87a6ed0e7cf582b6764066","name":"Johanna Dambreville","image":{"@type":"ImageObject","inLanguage":"fr","@id":"https:\/\/juvigo.fr\/magazine\/#\/schema\/person\/image\/","url":"https:\/\/juvigo.fr\/magazine\/wp-content\/uploads\/2024\/05\/logo_1000x1000-150x150.png","contentUrl":"https:\/\/juvigo.fr\/magazine\/wp-content\/uploads\/2024\/05\/logo_1000x1000-150x150.png","caption":"Johanna Dambreville"},"url":"https:\/\/juvigo.fr\/magazine\/author\/johannad\/"}]}},"author_meta":{"display_name":"Johanna Dambreville","author_link":"https:\/\/juvigo.fr\/magazine\/author\/johannad\/"},"featured_img":"https:\/\/juvigo.fr\/magazine\/wp-content\/uploads\/2023\/03\/easter-5011239_960_720-e1699521293772.jpg","wps_subtitle":"","coauthors":[],"tax_additional":{"categories":{"linked":["<a href=\"https:\/\/juvigo.fr\/magazine\/astuces\/\" class=\"advgb-post-tax-term\">Astuces<\/a>","<a href=\"https:\/\/juvigo.fr\/magazine\/astuces\/trucs-et-astuces\/\" class=\"advgb-post-tax-term\">Trucs et astuces<\/a>"],"unlinked":["<span class=\"advgb-post-tax-term\">Astuces<\/span>","<span class=\"advgb-post-tax-term\">Trucs et astuces<\/span>"]}},"comment_count":"0","relative_dates":{"created":"Posted 3 years ago","modified":"Updated 7 months ago"},"absolute_dates":{"created":"Posted on 22-03-2023","modified":"Updated on 25-09-2025"},"absolute_dates_time":{"created":"Posted on 22-03-2023 16:37","modified":"Updated on 25-09-2025 18:33"},"featured_img_caption":"","series_order":"","_links":{"self":[{"href":"https:\/\/juvigo.fr\/magazine\/wp-json\/wp\/v2\/posts\/8597","targetHints":{"allow":["GET"]}}],"collection":[{"href":"https:\/\/juvigo.fr\/magazine\/wp-json\/wp\/v2\/posts"}],"about":[{"href":"https:\/\/juvigo.fr\/magazine\/wp-json\/wp\/v2\/types\/post"}],"author":[{"embeddable":true,"href":"https:\/\/juvigo.fr\/magazine\/wp-json\/wp\/v2\/users\/26"}],"replies":[{"embeddable":true,"href":"https:\/\/juvigo.fr\/magazine\/wp-json\/wp\/v2\/comments?post=8597"}],"version-history":[{"count":8,"href":"https:\/\/juvigo.fr\/magazine\/wp-json\/wp\/v2\/posts\/8597\/revisions"}],"predecessor-version":[{"id":11111,"href":"https:\/\/juvigo.fr\/magazine\/wp-json\/wp\/v2\/posts\/8597\/revisions\/11111"}],"wp:featuredmedia":[{"embeddable":true,"href":"https:\/\/juvigo.fr\/magazine\/wp-json\/wp\/v2\/media\/8599"}],"wp:attachment":[{"href":"https:\/\/juvigo.fr\/magazine\/wp-json\/wp\/v2\/media?parent=8597"}],"wp:term":[{"taxonomy":"category","embeddable":true,"href":"https:\/\/juvigo.fr\/magazine\/wp-json\/wp\/v2\/categories?post=8597"},{"taxonomy":"table_tags","embeddable":true,"href":"https:\/\/juvigo.fr\/magazine\/wp-json\/wp\/v2\/table_tags?post=8597"}],"curies":[{"name":"wp","href":"https:\/\/api.w.org\/{rel}","templated":true}]}}