{"id":8578,"date":"2023-02-21T11:44:43","date_gmt":"2023-02-21T10:44:43","guid":{"rendered":"https:\/\/juvigo.fr\/magazine\/?p=8578"},"modified":"2025-10-07T17:05:31","modified_gmt":"2025-10-07T15:05:31","slug":"protection-des-donnees-et-droit-a-limage","status":"publish","type":"post","link":"https:\/\/juvigo.fr\/magazine\/plus-dinformations\/protection-des-donnees-et-droit-a-limage\/","title":{"rendered":"Protection des donn\u00e9es et droit \u00e0 l&#8217;image"},"content":{"rendered":"\n<p>Le droit \u00e0 l&#8217;image et la protection des donn\u00e9es sont des sujets importants, surtout lorsqu&#8217;il s&#8217;agit d&#8217;enfants. Les enfants ont un droit particulier \u00e0 la protection de leurs donn\u00e9es personnelles et de leur vie priv\u00e9e. Vous apprendrez ici comment vous pouvez utiliser les photos et les vid\u00e9os du camp.<\/p>\n\n\n\n<p class=\"has-trawell-meta-color has-text-color\"><strong>Que faire pour pouvoir utiliser les photos et vid\u00e9os durant les colonies de vacances ?<\/strong><\/p>\n\n\n\n<p>Avant d&#8217;utiliser des images reconnaissables d&#8217;enfants, vous devez demander l&#8217;accord des parents ou des tuteurs l\u00e9gaux, conform\u00e9ment au RGPD. Cela s&#8217;applique aussi bien \u00e0 l&#8217;utilisation d&#8217;images dans les m\u00e9dias sociaux qu&#8217;\u00e0 l&#8217;utilisation sur le site web. Pour obtenir le consentement des parents, la d\u00e9claration de consentement peut \u00eatre envoy\u00e9e avec les informations de voyage et \u00eatre apport\u00e9e au d\u00e9but du camp ou envoy\u00e9e par mail. Pour vous faciliter la t\u00e2che, nous avons pr\u00e9par\u00e9 un mod\u00e8le.<\/p>\n\n\n\n<div data-wp-interactive=\"core\/file\" class=\"wp-block-file\"><object data-wp-bind--hidden=\"!state.hasPdfPreview\" hidden class=\"wp-block-file__embed\" data=\"https:\/\/juvigo.fr\/magazine\/wp-content\/uploads\/2023\/02\/Protection-des-donne\u0301es-et-droit-a\u0300-limage.pdf\" type=\"application\/pdf\" style=\"width:100%;height:600px\" aria-label=\"Embed of Protection-des-donne\u0301es-et-droit-a\u0300-limage.\"><\/object><a id=\"wp-block-file--media-3dfe9b92-3363-40d9-84f0-8fbb69d5990d\" href=\"https:\/\/juvigo.fr\/magazine\/wp-content\/uploads\/2023\/02\/Protection-des-donne\u0301es-et-droit-a\u0300-limage.pdf\">Protection-des-donne\u0301es-et-droit-a\u0300-limage<\/a><a href=\"https:\/\/juvigo.fr\/magazine\/wp-content\/uploads\/2023\/02\/Protection-des-donne\u0301es-et-droit-a\u0300-limage.pdf\" class=\"wp-block-file__button wp-element-button\" download aria-describedby=\"wp-block-file--media-3dfe9b92-3363-40d9-84f0-8fbb69d5990d\">T\u00e9l\u00e9charger<\/a><\/div>\n","protected":false},"excerpt":{"rendered":"<p>Le droit \u00e0 l&#8217;image et la protection des donn\u00e9es sont des sujets importants, surtout lorsqu&#8217;il s&#8217;agit d&#8217;enfants. Les enfants ont un droit particulier \u00e0 la protection de leurs donn\u00e9es personnelles et de leur vie priv\u00e9e. Vous apprendrez ici comment vous pouvez utiliser les photos et les vid\u00e9os du camp. Que faire pour pouvoir utiliser les [&hellip;]<\/p>\n","protected":false},"author":26,"featured_media":2303,"comment_status":"open","ping_status":"closed","sticky":false,"template":"","format":"standard","meta":{"advgb_blocks_editor_width":"","advgb_blocks_columns_visual_guide":"","footnotes":"","_links_to":"","_links_to_target":""},"categories":[1],"table_tags":[],"class_list":["post-8578","post","type-post","status-publish","format-standard","has-post-thumbnail","hentry","category-plus-dinformations"],"yoast_head":"<!-- This site is optimized with the Yoast SEO plugin v24.8.1 - https:\/\/yoast.com\/wordpress\/plugins\/seo\/ -->\n<title>Protection des donn\u00e9es et droit \u00e0 l&#039;image - Juvigo Magazine<\/title>\n<meta name=\"description\" content=\"D\u00e9couvrez en plus sur le RGPD concernant l&#039;utilisation d&#039;images et la prise de vue de vos enfants lors de leurs colonies de vacances.\" \/>\n<meta name=\"robots\" content=\"index, follow, max-snippet:-1, max-image-preview:large, max-video-preview:-1\" \/>\n<link rel=\"canonical\" href=\"https:\/\/juvigo.fr\/magazine\/plus-dinformations\/protection-des-donnees-et-droit-a-limage\/\" \/>\n<meta property=\"og:locale\" content=\"fr_FR\" \/>\n<meta property=\"og:type\" content=\"article\" \/>\n<meta property=\"og:title\" content=\"Protection des donn\u00e9es et droit \u00e0 l&#039;image - Juvigo Magazine\" \/>\n<meta property=\"og:description\" content=\"D\u00e9couvrez en plus sur le RGPD concernant l&#039;utilisation d&#039;images et la prise de vue de vos enfants lors de leurs colonies de vacances.\" \/>\n<meta property=\"og:url\" content=\"https:\/\/juvigo.fr\/magazine\/plus-dinformations\/protection-des-donnees-et-droit-a-limage\/\" \/>\n<meta property=\"og:site_name\" content=\"Magazine\" \/>\n<meta property=\"article:publisher\" content=\"https:\/\/de-de.facebook.com\/meinjuvigo\" \/>\n<meta property=\"article:published_time\" content=\"2023-02-21T10:44:43+00:00\" \/>\n<meta property=\"article:modified_time\" content=\"2025-10-07T15:05:31+00:00\" \/>\n<meta property=\"og:image\" content=\"https:\/\/juvigo.fr\/magazine\/wp-content\/uploads\/2020\/03\/Juvigo_logo_juvigo-vorteilswelt_transparent.png\" \/>\n\t<meta property=\"og:image:width\" content=\"350\" \/>\n\t<meta property=\"og:image:height\" content=\"234\" \/>\n\t<meta property=\"og:image:type\" content=\"image\/png\" \/>\n<meta name=\"author\" content=\"Johanna Dambreville\" \/>\n<meta name=\"twitter:card\" content=\"summary_large_image\" \/>\n<meta name=\"twitter:creator\" content=\"@meinjuvigo\" \/>\n<meta name=\"twitter:site\" content=\"@meinjuvigo\" \/>\n<meta name=\"twitter:label1\" content=\"Written by\" \/>\n\t<meta name=\"twitter:data1\" content=\"Johanna Dambreville\" \/>\n\t<meta name=\"twitter:label2\" content=\"Est. reading time\" \/>\n\t<meta name=\"twitter:data2\" content=\"1 minute\" \/>\n<script type=\"application\/ld+json\" class=\"yoast-schema-graph\">{\"@context\":\"https:\/\/schema.org\",\"@graph\":[{\"@type\":\"Article\",\"@id\":\"https:\/\/juvigo.fr\/magazine\/plus-dinformations\/protection-des-donnees-et-droit-a-limage\/#article\",\"isPartOf\":{\"@id\":\"https:\/\/juvigo.fr\/magazine\/plus-dinformations\/protection-des-donnees-et-droit-a-limage\/\"},\"author\":{\"name\":\"Johanna Dambreville\",\"@id\":\"https:\/\/juvigo.fr\/magazine\/#\/schema\/person\/1525fbe83a87a6ed0e7cf582b6764066\"},\"headline\":\"Protection des donn\u00e9es et droit \u00e0 l&#8217;image\",\"datePublished\":\"2023-02-21T10:44:43+00:00\",\"dateModified\":\"2025-10-07T15:05:31+00:00\",\"mainEntityOfPage\":{\"@id\":\"https:\/\/juvigo.fr\/magazine\/plus-dinformations\/protection-des-donnees-et-droit-a-limage\/\"},\"wordCount\":164,\"commentCount\":0,\"publisher\":{\"@id\":\"https:\/\/juvigo.fr\/magazine\/#organization\"},\"image\":{\"@id\":\"https:\/\/juvigo.fr\/magazine\/plus-dinformations\/protection-des-donnees-et-droit-a-limage\/#primaryimage\"},\"thumbnailUrl\":\"https:\/\/juvigo.fr\/magazine\/wp-content\/uploads\/2020\/03\/Juvigo_logo_juvigo-vorteilswelt_transparent.png\",\"articleSection\":[\"Plus d'informations\"],\"inLanguage\":\"fr\",\"potentialAction\":[{\"@type\":\"CommentAction\",\"name\":\"Comment\",\"target\":[\"https:\/\/juvigo.fr\/magazine\/plus-dinformations\/protection-des-donnees-et-droit-a-limage\/#respond\"]}]},{\"@type\":\"WebPage\",\"@id\":\"https:\/\/juvigo.fr\/magazine\/plus-dinformations\/protection-des-donnees-et-droit-a-limage\/\",\"url\":\"https:\/\/juvigo.fr\/magazine\/plus-dinformations\/protection-des-donnees-et-droit-a-limage\/\",\"name\":\"Protection des donn\u00e9es et droit \u00e0 l'image - Juvigo Magazine\",\"isPartOf\":{\"@id\":\"https:\/\/juvigo.fr\/magazine\/#website\"},\"primaryImageOfPage\":{\"@id\":\"https:\/\/juvigo.fr\/magazine\/plus-dinformations\/protection-des-donnees-et-droit-a-limage\/#primaryimage\"},\"image\":{\"@id\":\"https:\/\/juvigo.fr\/magazine\/plus-dinformations\/protection-des-donnees-et-droit-a-limage\/#primaryimage\"},\"thumbnailUrl\":\"https:\/\/juvigo.fr\/magazine\/wp-content\/uploads\/2020\/03\/Juvigo_logo_juvigo-vorteilswelt_transparent.png\",\"datePublished\":\"2023-02-21T10:44:43+00:00\",\"dateModified\":\"2025-10-07T15:05:31+00:00\",\"description\":\"D\u00e9couvrez en plus sur le RGPD concernant l'utilisation d'images et la prise de vue de vos enfants lors de leurs colonies de vacances.\",\"breadcrumb\":{\"@id\":\"https:\/\/juvigo.fr\/magazine\/plus-dinformations\/protection-des-donnees-et-droit-a-limage\/#breadcrumb\"},\"inLanguage\":\"fr\",\"potentialAction\":[{\"@type\":\"ReadAction\",\"target\":[\"https:\/\/juvigo.fr\/magazine\/plus-dinformations\/protection-des-donnees-et-droit-a-limage\/\"]}]},{\"@type\":\"ImageObject\",\"inLanguage\":\"fr\",\"@id\":\"https:\/\/juvigo.fr\/magazine\/plus-dinformations\/protection-des-donnees-et-droit-a-limage\/#primaryimage\",\"url\":\"https:\/\/juvigo.fr\/magazine\/wp-content\/uploads\/2020\/03\/Juvigo_logo_juvigo-vorteilswelt_transparent.png\",\"contentUrl\":\"https:\/\/juvigo.fr\/magazine\/wp-content\/uploads\/2020\/03\/Juvigo_logo_juvigo-vorteilswelt_transparent.png\",\"width\":350,\"height\":234},{\"@type\":\"BreadcrumbList\",\"@id\":\"https:\/\/juvigo.fr\/magazine\/plus-dinformations\/protection-des-donnees-et-droit-a-limage\/#breadcrumb\",\"itemListElement\":[{\"@type\":\"ListItem\",\"position\":1,\"name\":\"Juvigo-Magazine\",\"item\":\"https:\/\/juvigo.fr\/magazine\/\"},{\"@type\":\"ListItem\",\"position\":2,\"name\":\"Plus d'informations\",\"item\":\"https:\/\/juvigo.fr\/magazine\/plus-dinformations\/\"},{\"@type\":\"ListItem\",\"position\":3,\"name\":\"Protection des donn\u00e9es et droit \u00e0 l&#8217;image\"}]},{\"@type\":\"WebSite\",\"@id\":\"https:\/\/juvigo.fr\/magazine\/#website\",\"url\":\"https:\/\/juvigo.fr\/magazine\/\",\"name\":\"Magazine\",\"description\":\"Magazine Juvigo - Ton magazine sur les colonies de vacances et s\u00e9jours linguistiques.\",\"publisher\":{\"@id\":\"https:\/\/juvigo.fr\/magazine\/#organization\"},\"potentialAction\":[{\"@type\":\"SearchAction\",\"target\":{\"@type\":\"EntryPoint\",\"urlTemplate\":\"https:\/\/juvigo.fr\/magazine\/?s={search_term_string}\"},\"query-input\":{\"@type\":\"PropertyValueSpecification\",\"valueRequired\":true,\"valueName\":\"search_term_string\"}}],\"inLanguage\":\"fr\"},{\"@type\":\"Organization\",\"@id\":\"https:\/\/juvigo.fr\/magazine\/#organization\",\"name\":\"Juvigo GmbH\",\"url\":\"https:\/\/juvigo.fr\/magazine\/\",\"logo\":{\"@type\":\"ImageObject\",\"inLanguage\":\"fr\",\"@id\":\"https:\/\/juvigo.fr\/magazine\/#\/schema\/logo\/image\/\",\"url\":\"https:\/\/juvigo.fr\/magazine\/wp-content\/uploads\/2022\/02\/magazine_logo_scaled.png\",\"contentUrl\":\"https:\/\/juvigo.fr\/magazine\/wp-content\/uploads\/2022\/02\/magazine_logo_scaled.png\",\"width\":240,\"height\":100,\"caption\":\"Juvigo GmbH\"},\"image\":{\"@id\":\"https:\/\/juvigo.fr\/magazine\/#\/schema\/logo\/image\/\"},\"sameAs\":[\"https:\/\/de-de.facebook.com\/meinjuvigo\",\"https:\/\/x.com\/meinjuvigo\",\"http:\/\/instagram.com\/juvigo_de\/\"]},{\"@type\":\"Person\",\"@id\":\"https:\/\/juvigo.fr\/magazine\/#\/schema\/person\/1525fbe83a87a6ed0e7cf582b6764066\",\"name\":\"Johanna Dambreville\",\"image\":{\"@type\":\"ImageObject\",\"inLanguage\":\"fr\",\"@id\":\"https:\/\/juvigo.fr\/magazine\/#\/schema\/person\/image\/\",\"url\":\"https:\/\/juvigo.fr\/magazine\/wp-content\/uploads\/2024\/05\/logo_1000x1000-150x150.png\",\"contentUrl\":\"https:\/\/juvigo.fr\/magazine\/wp-content\/uploads\/2024\/05\/logo_1000x1000-150x150.png\",\"caption\":\"Johanna Dambreville\"},\"url\":\"https:\/\/juvigo.fr\/magazine\/author\/johannad\/\"}]}<\/script>\n<!-- \/ Yoast SEO plugin. -->","yoast_head_json":{"title":"Protection des donn\u00e9es et droit \u00e0 l'image - Juvigo Magazine","description":"D\u00e9couvrez en plus sur le RGPD concernant l'utilisation d'images et la prise de vue de vos enfants lors de leurs colonies de vacances.","robots":{"index":"index","follow":"follow","max-snippet":"max-snippet:-1","max-image-preview":"max-image-preview:large","max-video-preview":"max-video-preview:-1"},"canonical":"https:\/\/juvigo.fr\/magazine\/plus-dinformations\/protection-des-donnees-et-droit-a-limage\/","og_locale":"fr_FR","og_type":"article","og_title":"Protection des donn\u00e9es et droit \u00e0 l'image - Juvigo Magazine","og_description":"D\u00e9couvrez en plus sur le RGPD concernant l'utilisation d'images et la prise de vue de vos enfants lors de leurs colonies de vacances.","og_url":"https:\/\/juvigo.fr\/magazine\/plus-dinformations\/protection-des-donnees-et-droit-a-limage\/","og_site_name":"Magazine","article_publisher":"https:\/\/de-de.facebook.com\/meinjuvigo","article_published_time":"2023-02-21T10:44:43+00:00","article_modified_time":"2025-10-07T15:05:31+00:00","og_image":[{"width":350,"height":234,"url":"https:\/\/juvigo.fr\/magazine\/wp-content\/uploads\/2020\/03\/Juvigo_logo_juvigo-vorteilswelt_transparent.png","type":"image\/png"}],"author":"Johanna Dambreville","twitter_card":"summary_large_image","twitter_creator":"@meinjuvigo","twitter_site":"@meinjuvigo","twitter_misc":{"Written by":"Johanna Dambreville","Est. reading time":"1 minute"},"schema":{"@context":"https:\/\/schema.org","@graph":[{"@type":"Article","@id":"https:\/\/juvigo.fr\/magazine\/plus-dinformations\/protection-des-donnees-et-droit-a-limage\/#article","isPartOf":{"@id":"https:\/\/juvigo.fr\/magazine\/plus-dinformations\/protection-des-donnees-et-droit-a-limage\/"},"author":{"name":"Johanna Dambreville","@id":"https:\/\/juvigo.fr\/magazine\/#\/schema\/person\/1525fbe83a87a6ed0e7cf582b6764066"},"headline":"Protection des donn\u00e9es et droit \u00e0 l&#8217;image","datePublished":"2023-02-21T10:44:43+00:00","dateModified":"2025-10-07T15:05:31+00:00","mainEntityOfPage":{"@id":"https:\/\/juvigo.fr\/magazine\/plus-dinformations\/protection-des-donnees-et-droit-a-limage\/"},"wordCount":164,"commentCount":0,"publisher":{"@id":"https:\/\/juvigo.fr\/magazine\/#organization"},"image":{"@id":"https:\/\/juvigo.fr\/magazine\/plus-dinformations\/protection-des-donnees-et-droit-a-limage\/#primaryimage"},"thumbnailUrl":"https:\/\/juvigo.fr\/magazine\/wp-content\/uploads\/2020\/03\/Juvigo_logo_juvigo-vorteilswelt_transparent.png","articleSection":["Plus d'informations"],"inLanguage":"fr","potentialAction":[{"@type":"CommentAction","name":"Comment","target":["https:\/\/juvigo.fr\/magazine\/plus-dinformations\/protection-des-donnees-et-droit-a-limage\/#respond"]}]},{"@type":"WebPage","@id":"https:\/\/juvigo.fr\/magazine\/plus-dinformations\/protection-des-donnees-et-droit-a-limage\/","url":"https:\/\/juvigo.fr\/magazine\/plus-dinformations\/protection-des-donnees-et-droit-a-limage\/","name":"Protection des donn\u00e9es et droit \u00e0 l'image - Juvigo Magazine","isPartOf":{"@id":"https:\/\/juvigo.fr\/magazine\/#website"},"primaryImageOfPage":{"@id":"https:\/\/juvigo.fr\/magazine\/plus-dinformations\/protection-des-donnees-et-droit-a-limage\/#primaryimage"},"image":{"@id":"https:\/\/juvigo.fr\/magazine\/plus-dinformations\/protection-des-donnees-et-droit-a-limage\/#primaryimage"},"thumbnailUrl":"https:\/\/juvigo.fr\/magazine\/wp-content\/uploads\/2020\/03\/Juvigo_logo_juvigo-vorteilswelt_transparent.png","datePublished":"2023-02-21T10:44:43+00:00","dateModified":"2025-10-07T15:05:31+00:00","description":"D\u00e9couvrez en plus sur le RGPD concernant l'utilisation d'images et la prise de vue de vos enfants lors de leurs colonies de vacances.","breadcrumb":{"@id":"https:\/\/juvigo.fr\/magazine\/plus-dinformations\/protection-des-donnees-et-droit-a-limage\/#breadcrumb"},"inLanguage":"fr","potentialAction":[{"@type":"ReadAction","target":["https:\/\/juvigo.fr\/magazine\/plus-dinformations\/protection-des-donnees-et-droit-a-limage\/"]}]},{"@type":"ImageObject","inLanguage":"fr","@id":"https:\/\/juvigo.fr\/magazine\/plus-dinformations\/protection-des-donnees-et-droit-a-limage\/#primaryimage","url":"https:\/\/juvigo.fr\/magazine\/wp-content\/uploads\/2020\/03\/Juvigo_logo_juvigo-vorteilswelt_transparent.png","contentUrl":"https:\/\/juvigo.fr\/magazine\/wp-content\/uploads\/2020\/03\/Juvigo_logo_juvigo-vorteilswelt_transparent.png","width":350,"height":234},{"@type":"BreadcrumbList","@id":"https:\/\/juvigo.fr\/magazine\/plus-dinformations\/protection-des-donnees-et-droit-a-limage\/#breadcrumb","itemListElement":[{"@type":"ListItem","position":1,"name":"Juvigo-Magazine","item":"https:\/\/juvigo.fr\/magazine\/"},{"@type":"ListItem","position":2,"name":"Plus d'informations","item":"https:\/\/juvigo.fr\/magazine\/plus-dinformations\/"},{"@type":"ListItem","position":3,"name":"Protection des donn\u00e9es et droit \u00e0 l&#8217;image"}]},{"@type":"WebSite","@id":"https:\/\/juvigo.fr\/magazine\/#website","url":"https:\/\/juvigo.fr\/magazine\/","name":"Magazine","description":"Magazine Juvigo - Ton magazine sur les colonies de vacances et s\u00e9jours linguistiques.","publisher":{"@id":"https:\/\/juvigo.fr\/magazine\/#organization"},"potentialAction":[{"@type":"SearchAction","target":{"@type":"EntryPoint","urlTemplate":"https:\/\/juvigo.fr\/magazine\/?s={search_term_string}"},"query-input":{"@type":"PropertyValueSpecification","valueRequired":true,"valueName":"search_term_string"}}],"inLanguage":"fr"},{"@type":"Organization","@id":"https:\/\/juvigo.fr\/magazine\/#organization","name":"Juvigo GmbH","url":"https:\/\/juvigo.fr\/magazine\/","logo":{"@type":"ImageObject","inLanguage":"fr","@id":"https:\/\/juvigo.fr\/magazine\/#\/schema\/logo\/image\/","url":"https:\/\/juvigo.fr\/magazine\/wp-content\/uploads\/2022\/02\/magazine_logo_scaled.png","contentUrl":"https:\/\/juvigo.fr\/magazine\/wp-content\/uploads\/2022\/02\/magazine_logo_scaled.png","width":240,"height":100,"caption":"Juvigo GmbH"},"image":{"@id":"https:\/\/juvigo.fr\/magazine\/#\/schema\/logo\/image\/"},"sameAs":["https:\/\/de-de.facebook.com\/meinjuvigo","https:\/\/x.com\/meinjuvigo","http:\/\/instagram.com\/juvigo_de\/"]},{"@type":"Person","@id":"https:\/\/juvigo.fr\/magazine\/#\/schema\/person\/1525fbe83a87a6ed0e7cf582b6764066","name":"Johanna Dambreville","image":{"@type":"ImageObject","inLanguage":"fr","@id":"https:\/\/juvigo.fr\/magazine\/#\/schema\/person\/image\/","url":"https:\/\/juvigo.fr\/magazine\/wp-content\/uploads\/2024\/05\/logo_1000x1000-150x150.png","contentUrl":"https:\/\/juvigo.fr\/magazine\/wp-content\/uploads\/2024\/05\/logo_1000x1000-150x150.png","caption":"Johanna Dambreville"},"url":"https:\/\/juvigo.fr\/magazine\/author\/johannad\/"}]}},"author_meta":{"display_name":"Johanna Dambreville","author_link":"https:\/\/juvigo.fr\/magazine\/author\/johannad\/"},"featured_img":"https:\/\/juvigo.fr\/magazine\/wp-content\/uploads\/2020\/03\/Juvigo_logo_juvigo-vorteilswelt_transparent-300x201.png","wps_subtitle":"","coauthors":[],"tax_additional":{"categories":{"linked":["<a href=\"https:\/\/juvigo.fr\/magazine\/plus-dinformations\/\" class=\"advgb-post-tax-term\">Plus d&#039;informations<\/a>"],"unlinked":["<span class=\"advgb-post-tax-term\">Plus d&#039;informations<\/span>"]}},"comment_count":"0","relative_dates":{"created":"Posted 3 years ago","modified":"Updated 7 months ago"},"absolute_dates":{"created":"Posted on 21-02-2023","modified":"Updated on 07-10-2025"},"absolute_dates_time":{"created":"Posted on 21-02-2023 11:44","modified":"Updated on 07-10-2025 17:05"},"featured_img_caption":"","series_order":"","_links":{"self":[{"href":"https:\/\/juvigo.fr\/magazine\/wp-json\/wp\/v2\/posts\/8578","targetHints":{"allow":["GET"]}}],"collection":[{"href":"https:\/\/juvigo.fr\/magazine\/wp-json\/wp\/v2\/posts"}],"about":[{"href":"https:\/\/juvigo.fr\/magazine\/wp-json\/wp\/v2\/types\/post"}],"author":[{"embeddable":true,"href":"https:\/\/juvigo.fr\/magazine\/wp-json\/wp\/v2\/users\/26"}],"replies":[{"embeddable":true,"href":"https:\/\/juvigo.fr\/magazine\/wp-json\/wp\/v2\/comments?post=8578"}],"version-history":[{"count":2,"href":"https:\/\/juvigo.fr\/magazine\/wp-json\/wp\/v2\/posts\/8578\/revisions"}],"predecessor-version":[{"id":8582,"href":"https:\/\/juvigo.fr\/magazine\/wp-json\/wp\/v2\/posts\/8578\/revisions\/8582"}],"wp:featuredmedia":[{"embeddable":true,"href":"https:\/\/juvigo.fr\/magazine\/wp-json\/wp\/v2\/media\/2303"}],"wp:attachment":[{"href":"https:\/\/juvigo.fr\/magazine\/wp-json\/wp\/v2\/media?parent=8578"}],"wp:term":[{"taxonomy":"category","embeddable":true,"href":"https:\/\/juvigo.fr\/magazine\/wp-json\/wp\/v2\/categories?post=8578"},{"taxonomy":"table_tags","embeddable":true,"href":"https:\/\/juvigo.fr\/magazine\/wp-json\/wp\/v2\/table_tags?post=8578"}],"curies":[{"name":"wp","href":"https:\/\/api.w.org\/{rel}","templated":true}]}}